{"id":5561,"date":"2025-11-27T11:16:00","date_gmt":"2025-11-27T10:16:00","guid":{"rendered":"https:\/\/oblatesassomption.com\/?p=5561"},"modified":"2025-11-27T11:30:35","modified_gmt":"2025-11-27T10:30:35","slug":"decembre-2025-le-pape-prie-pour-les-chretiens-en-zone-de-guerre","status":"publish","type":"post","link":"https:\/\/oblatesassomption.com\/index.php\/2025\/11\/27\/decembre-2025-le-pape-prie-pour-les-chretiens-en-zone-de-guerre\/","title":{"rendered":"D\u00e9cembre 2025 || Le Pape prie pour les chr\u00e9tiens en zone de guerre"},"content":{"rendered":"\n<p>La vid\u00e9o du R\u00e9seau mondial de pri\u00e8re du Pape, diffus\u00e9e ce mercredi 26 novembre, pr\u00e9sente les intentions de pri\u00e8re du Souverain pontife pour le mois de d\u00e9cembre. Le Pape tourne son regard vers les nombreux peuples qui souffrent dans les zones de guerre, en particulier au Proche-Orient. L\u00e9on XIV prie pour que, \u00abm\u00eame plong\u00e9s dans la douleur\u00bb, ils ne cessent de percevoir la douce bont\u00e9 de Dieu et la proximit\u00e9 de l&rsquo;\u00c9glise universelle.<\/p>\n\n\n\n<p><strong>Daniele Piccini \u2013 Cit\u00e9 du Vatican<\/strong><\/p>\n\n\n\n<figure class=\"wp-block-embed is-type-video is-provider-youtube wp-block-embed-youtube wp-embed-aspect-16-9 wp-has-aspect-ratio\"><div class=\"wp-block-embed__wrapper\">\n<iframe title=\"Pour les chr\u00e9tiens qui vivent des contextes de conflit \u2013 La Vid\u00e9o du Pape \u2013 D\u00e9cembre 2025\" width=\"800\" height=\"450\" src=\"https:\/\/www.youtube.com\/embed\/zxjL9GV25cU?feature=oembed\" frameborder=\"0\" allow=\"accelerometer; autoplay; clipboard-write; encrypted-media; gyroscope; picture-in-picture; web-share\" referrerpolicy=\"strict-origin-when-cross-origin\" allowfullscreen><\/iframe>\n<\/div><\/figure>\n\n\n\n<p>Lire l&rsquo;article complet, cliquez ce lien : <a href=\"https:\/\/www.vaticannews.va\/fr\/pape\/news\/2025-11\/en-decembre-le-pape-prie-pour-les-chretiens-en-zone-de-guerre.html\">https:\/\/www.vaticannews.va\/fr\/pape\/news\/2025-11\/en-decembre-le-pape-prie-pour-les-chretiens-en-zone-de-guerre.html<\/a><\/p>\n\n\n\n<p>Photo : Dioc\u00e8ses d&rsquo;Il-de-France<\/p>\n","protected":false},"excerpt":{"rendered":"<p>La vid\u00e9o du R\u00e9seau mondial de pri\u00e8re du Pape, diffus\u00e9e ce mercredi 26 novembre, pr\u00e9sente les intentions de pri\u00e8re du Souverain pontife pour le mois de d\u00e9cembre. Le Pape tourne son regard vers les nombreux peuples qui souffrent dans les zones de guerre, en particulier au Proche-Orient. L\u00e9on XIV prie pour que, \u00abm\u00eame plong\u00e9s dans [&hellip;]<\/p>\n","protected":false},"author":1,"featured_media":5562,"comment_status":"open","ping_status":"open","sticky":false,"template":"","format":"standard","meta":{"footnotes":""},"categories":[40,62,57,61],"tags":[10],"class_list":["post-5561","post","type-post","status-publish","format-standard","has-post-thumbnail","hentry","category-eglise","category-la-video-du-pape","category-pape-leon-xiv","category-the-pope-video","tag-oblates-de-lassomption"],"_links":{"self":[{"href":"https:\/\/oblatesassomption.com\/index.php\/wp-json\/wp\/v2\/posts\/5561","targetHints":{"allow":["GET"]}}],"collection":[{"href":"https:\/\/oblatesassomption.com\/index.php\/wp-json\/wp\/v2\/posts"}],"about":[{"href":"https:\/\/oblatesassomption.com\/index.php\/wp-json\/wp\/v2\/types\/post"}],"author":[{"embeddable":true,"href":"https:\/\/oblatesassomption.com\/index.php\/wp-json\/wp\/v2\/users\/1"}],"replies":[{"embeddable":true,"href":"https:\/\/oblatesassomption.com\/index.php\/wp-json\/wp\/v2\/comments?post=5561"}],"version-history":[{"count":3,"href":"https:\/\/oblatesassomption.com\/index.php\/wp-json\/wp\/v2\/posts\/5561\/revisions"}],"predecessor-version":[{"id":5568,"href":"https:\/\/oblatesassomption.com\/index.php\/wp-json\/wp\/v2\/posts\/5561\/revisions\/5568"}],"wp:featuredmedia":[{"embeddable":true,"href":"https:\/\/oblatesassomption.com\/index.php\/wp-json\/wp\/v2\/media\/5562"}],"wp:attachment":[{"href":"https:\/\/oblatesassomption.com\/index.php\/wp-json\/wp\/v2\/media?parent=5561"}],"wp:term":[{"taxonomy":"category","embeddable":true,"href":"https:\/\/oblatesassomption.com\/index.php\/wp-json\/wp\/v2\/categories?post=5561"},{"taxonomy":"post_tag","embeddable":true,"href":"https:\/\/oblatesassomption.com\/index.php\/wp-json\/wp\/v2\/tags?post=5561"}],"curies":[{"name":"wp","href":"https:\/\/api.w.org\/{rel}","templated":true}]}}