{"id":5543,"date":"2025-11-05T13:41:59","date_gmt":"2025-11-05T12:41:59","guid":{"rendered":"https:\/\/oblatesassomption.com\/?p=5543"},"modified":"2025-11-05T13:56:32","modified_gmt":"2025-11-05T12:56:32","slug":"novembre-le-pape-invite-a-prier-pour-la-prevention-du-suicide","status":"publish","type":"post","link":"https:\/\/oblatesassomption.com\/index.php\/2025\/11\/05\/novembre-le-pape-invite-a-prier-pour-la-prevention-du-suicide\/","title":{"rendered":"Novembre || Le Pape invite \u00e0 prier pour la pr\u00e9vention du suicide"},"content":{"rendered":"\n<p>Pour le mois de novembre 2025, L\u00e9on XIV consacre son intention de pri\u00e8re aux \u00abpersonnes qui luttent contre des pens\u00e9es suicidaires\u00bb, afin qu\u2019elles \u00abtrouvent dans leur communaut\u00e9 le soutien\u00bb et \u00abs\u2019ouvrent \u00e0 la beaut\u00e9 de la vie\u00bb. Le Saint-P\u00e8re souhaite que les fid\u00e8les catholiques puissent soutenir, accueillir et accompagner celles et ceux qui luttent contre des pens\u00e9es suicidaires.<\/p>\n\n\n\n<figure class=\"wp-block-embed is-type-video is-provider-youtube wp-block-embed-youtube wp-embed-aspect-16-9 wp-has-aspect-ratio\"><div class=\"wp-block-embed__wrapper\">\n<iframe title=\"Pour la pr\u00e9vention du suicide \u2013 La Vid\u00e9o du Pape \u2013 Novembre 2025\" width=\"800\" height=\"450\" src=\"https:\/\/www.youtube.com\/embed\/KURhSc5p2uY?feature=oembed\" frameborder=\"0\" allow=\"accelerometer; autoplay; clipboard-write; encrypted-media; gyroscope; picture-in-picture; web-share\" referrerpolicy=\"strict-origin-when-cross-origin\" allowfullscreen><\/iframe>\n<\/div><\/figure>\n\n\n\n<p>Sources : <a href=\"https:\/\/www.vaticannews.va\/fr\/pape\/news\/2025-11\/intention-priere-pape-prevention-suicide-amour-sante-mentale-egl.html\">https:\/\/www.vaticannews.va\/fr\/pape\/news\/2025-11\/intention-priere-pape-prevention-suicide-amour-sante-mentale-egl.html<\/a> et <a href=\"https:\/\/thepopevideo.org\/?lang=fr\">https:\/\/thepopevideo.org\/?lang=fr<\/a><\/p>\n\n\n\n<p>Image : Internet<\/p>\n\n\n\n<p><\/p>\n","protected":false},"excerpt":{"rendered":"<p>Pour le mois de novembre 2025, L\u00e9on XIV consacre son intention de pri\u00e8re aux \u00abpersonnes qui luttent contre des pens\u00e9es suicidaires\u00bb, afin qu\u2019elles \u00abtrouvent dans leur communaut\u00e9 le soutien\u00bb et \u00abs\u2019ouvrent \u00e0 la beaut\u00e9 de la vie\u00bb. Le Saint-P\u00e8re souhaite que les fid\u00e8les catholiques puissent soutenir, accueillir et accompagner celles et ceux qui luttent contre [&hellip;]<\/p>\n","protected":false},"author":1,"featured_media":5545,"comment_status":"open","ping_status":"open","sticky":false,"template":"","format":"standard","meta":{"footnotes":""},"categories":[40,62,57,61],"tags":[10],"class_list":["post-5543","post","type-post","status-publish","format-standard","has-post-thumbnail","hentry","category-eglise","category-la-video-du-pape","category-pape-leon-xiv","category-the-pope-video","tag-oblates-de-lassomption"],"_links":{"self":[{"href":"https:\/\/oblatesassomption.com\/index.php\/wp-json\/wp\/v2\/posts\/5543","targetHints":{"allow":["GET"]}}],"collection":[{"href":"https:\/\/oblatesassomption.com\/index.php\/wp-json\/wp\/v2\/posts"}],"about":[{"href":"https:\/\/oblatesassomption.com\/index.php\/wp-json\/wp\/v2\/types\/post"}],"author":[{"embeddable":true,"href":"https:\/\/oblatesassomption.com\/index.php\/wp-json\/wp\/v2\/users\/1"}],"replies":[{"embeddable":true,"href":"https:\/\/oblatesassomption.com\/index.php\/wp-json\/wp\/v2\/comments?post=5543"}],"version-history":[{"count":2,"href":"https:\/\/oblatesassomption.com\/index.php\/wp-json\/wp\/v2\/posts\/5543\/revisions"}],"predecessor-version":[{"id":5546,"href":"https:\/\/oblatesassomption.com\/index.php\/wp-json\/wp\/v2\/posts\/5543\/revisions\/5546"}],"wp:featuredmedia":[{"embeddable":true,"href":"https:\/\/oblatesassomption.com\/index.php\/wp-json\/wp\/v2\/media\/5545"}],"wp:attachment":[{"href":"https:\/\/oblatesassomption.com\/index.php\/wp-json\/wp\/v2\/media?parent=5543"}],"wp:term":[{"taxonomy":"category","embeddable":true,"href":"https:\/\/oblatesassomption.com\/index.php\/wp-json\/wp\/v2\/categories?post=5543"},{"taxonomy":"post_tag","embeddable":true,"href":"https:\/\/oblatesassomption.com\/index.php\/wp-json\/wp\/v2\/tags?post=5543"}],"curies":[{"name":"wp","href":"https:\/\/api.w.org\/{rel}","templated":true}]}}