{"id":5441,"date":"2025-09-04T03:17:10","date_gmt":"2025-09-04T01:17:10","guid":{"rendered":"https:\/\/oblatesassomption.com\/?p=5441"},"modified":"2025-09-04T03:28:59","modified_gmt":"2025-09-04T01:28:59","slug":"septembre-pour-notre-relation-avec-toute-la-creation","status":"publish","type":"post","link":"https:\/\/oblatesassomption.com\/index.php\/2025\/09\/04\/septembre-pour-notre-relation-avec-toute-la-creation\/","title":{"rendered":"Septembre || Pour notre relation avec toute la Cr\u00e9ation"},"content":{"rendered":"\n<p>\u00c0 l\u2019occasion du 800\u00e8me anniversaire du Cantique des cr\u00e9atures de saint Fran\u00e7ois d\u2019Assise et du 10\u00e8me anniversaire de l\u2019encyclique Laudato Si\u2019 de son pr\u00e9d\u00e9cesseur, le Pape L\u00e9on XIV consacre son intention de pri\u00e8re du mois de septembre \u00e0 la relation de l\u2019\u00eatre humain avec la Cr\u00e9ation. \u00abToutes les cr\u00e9atures sont aim\u00e9es de Dieu et dignes d\u2019amour et de respect\u00bb, dit le Pape dans sa pri\u00e8re.<\/p>\n\n\n\n<figure class=\"wp-block-embed is-type-video is-provider-youtube wp-block-embed-youtube wp-embed-aspect-16-9 wp-has-aspect-ratio\"><div class=\"wp-block-embed__wrapper\">\n<iframe title=\"Pour notre relation avec toute la Cr\u00e9ation \u2013 La Vid\u00e9o du Pape \u2013 Septembre 2025\" width=\"800\" height=\"450\" src=\"https:\/\/www.youtube.com\/embed\/JLNJUq3Qy3I?feature=oembed\" frameborder=\"0\" allow=\"accelerometer; autoplay; clipboard-write; encrypted-media; gyroscope; picture-in-picture; web-share\" referrerpolicy=\"strict-origin-when-cross-origin\" allowfullscreen><\/iframe>\n<\/div><\/figure>\n\n\n\n<p>Source : <a href=\"https:\/\/www.vaticannews.va\/fr\/pape\/news\/2025-09\/intention-priere-pape-protection-creation-saint-francois-message.html\">https:\/\/www.vaticannews.va\/fr\/pape\/news\/2025-09\/intention-priere-pape-protection-creation-saint-francois-message.html<\/a><\/p>\n\n\n\n<p>Image : <a href=\"https:\/\/www.egliseverte.org\/actualites\/ressources-du-temps-pour-la-creation-2025\/\">https:\/\/www.egliseverte.org\/actualites\/ressources-du-temps-pour-la-creation-2025\/<\/a><\/p>\n","protected":false},"excerpt":{"rendered":"<p>\u00c0 l\u2019occasion du 800\u00e8me anniversaire du Cantique des cr\u00e9atures de saint Fran\u00e7ois d\u2019Assise et du 10\u00e8me anniversaire de l\u2019encyclique Laudato Si\u2019 de son pr\u00e9d\u00e9cesseur, le Pape L\u00e9on XIV consacre son intention de pri\u00e8re du mois de septembre \u00e0 la relation de l\u2019\u00eatre humain avec la Cr\u00e9ation. \u00abToutes les cr\u00e9atures sont aim\u00e9es de Dieu et dignes [&hellip;]<\/p>\n","protected":false},"author":1,"featured_media":5445,"comment_status":"open","ping_status":"open","sticky":false,"template":"","format":"standard","meta":{"footnotes":""},"categories":[40,43,1],"tags":[10],"class_list":["post-5441","post","type-post","status-publish","format-standard","has-post-thumbnail","hentry","category-eglise","category-justice-paix-et-integrite-de-la-creation","category-sem-categoria","tag-oblates-de-lassomption"],"_links":{"self":[{"href":"https:\/\/oblatesassomption.com\/index.php\/wp-json\/wp\/v2\/posts\/5441","targetHints":{"allow":["GET"]}}],"collection":[{"href":"https:\/\/oblatesassomption.com\/index.php\/wp-json\/wp\/v2\/posts"}],"about":[{"href":"https:\/\/oblatesassomption.com\/index.php\/wp-json\/wp\/v2\/types\/post"}],"author":[{"embeddable":true,"href":"https:\/\/oblatesassomption.com\/index.php\/wp-json\/wp\/v2\/users\/1"}],"replies":[{"embeddable":true,"href":"https:\/\/oblatesassomption.com\/index.php\/wp-json\/wp\/v2\/comments?post=5441"}],"version-history":[{"count":2,"href":"https:\/\/oblatesassomption.com\/index.php\/wp-json\/wp\/v2\/posts\/5441\/revisions"}],"predecessor-version":[{"id":5446,"href":"https:\/\/oblatesassomption.com\/index.php\/wp-json\/wp\/v2\/posts\/5441\/revisions\/5446"}],"wp:featuredmedia":[{"embeddable":true,"href":"https:\/\/oblatesassomption.com\/index.php\/wp-json\/wp\/v2\/media\/5445"}],"wp:attachment":[{"href":"https:\/\/oblatesassomption.com\/index.php\/wp-json\/wp\/v2\/media?parent=5441"}],"wp:term":[{"taxonomy":"category","embeddable":true,"href":"https:\/\/oblatesassomption.com\/index.php\/wp-json\/wp\/v2\/categories?post=5441"},{"taxonomy":"post_tag","embeddable":true,"href":"https:\/\/oblatesassomption.com\/index.php\/wp-json\/wp\/v2\/tags?post=5441"}],"curies":[{"name":"wp","href":"https:\/\/api.w.org\/{rel}","templated":true}]}}