{"id":5335,"date":"2025-07-27T18:05:36","date_gmt":"2025-07-27T16:05:36","guid":{"rendered":"https:\/\/oblatesassomption.com\/?p=5335"},"modified":"2025-07-27T21:58:06","modified_gmt":"2025-07-27T19:58:06","slug":"module-de-formation-sur-lhistoire-de-la-congregation-2025","status":"publish","type":"post","link":"https:\/\/oblatesassomption.com\/index.php\/2025\/07\/27\/module-de-formation-sur-lhistoire-de-la-congregation-2025\/","title":{"rendered":"Module de Formation sur l\u2019histoire de la\u00a0Congr\u00e9gation 2025"},"content":{"rendered":"\n<p>Au fil du Chapitre G\u00e9n\u00e9ral 2023, la Congr\u00e9gation a v\u00e9cu le processus de discernement communautaire qui a fait \u00e9merger, parmi les quatre appels, cet appel du Seigneur pour 6 ans&nbsp;:&nbsp;<strong><mark>\u00ab&nbsp;Vivre et transmettre le charisme, avec les la\u00efcs.&nbsp;\u00bb<\/mark><\/strong><\/p>\n\n\n\n<p>En r\u00e9ponse \u00e0 la demande du Chapitre G\u00e9n\u00e9ral de mettre en place un module de formation au charisme et \u00e0 l\u2019histoire de la Congr\u00e9gation sur les lieux de fondation \u00e0 N\u00eemes, la Province d\u2019Europe et la communaut\u00e9 de N\u00eemes a accueilli \u00e0 nouveau cette ann\u00e9e 2025, 5 s\u0153urs O. A formatrices venant de trois continents viennent faire le parcours \u00ab&nbsp;Module Charisme&nbsp;\u00bb. Il s\u2019agit de revenir aux sources de l\u2019inspiration fondatrice de la Congr\u00e9gation. Revisiter les lieux de fondation ici \u00e0 N\u00eemes sur les pas du P. D\u2019 Alzon et approfondir sa pens\u00e9e, son Charisme de l\u2019unit\u00e9 pour l\u2019\u00e9glise au service de l\u2019humanit\u00e9.<\/p>\n\n\n\n<p>Voici, les s\u0153urs qui participent \u00e0 ce module :<\/p>\n\n\n\n<p>Sr Adeline, de Paris, congolaise<\/p>\n\n\n\n<p>Sr Giang, du Vietnam, vietnamienne<\/p>\n\n\n\n<p>Sr Clarisse, du Rwanda, rwandaise<\/p>\n\n\n\n<p>Sr Ivonne, du Paraguay, Mexicaine<\/p>\n\n\n\n<p>Sr Doan, de N\u00eemes, vietnamienne.<\/p>\n\n\n<div class=\"wp-block-image\">\n<figure class=\"aligncenter size-full\"><img fetchpriority=\"high\" decoding=\"async\" width=\"640\" height=\"480\" src=\"https:\/\/oblatesassomption.com\/wp-content\/uploads\/2025\/07\/image.png\" alt=\"\" class=\"wp-image-5336\" srcset=\"https:\/\/oblatesassomption.com\/wp-content\/uploads\/2025\/07\/image.png 640w, https:\/\/oblatesassomption.com\/wp-content\/uploads\/2025\/07\/image-300x225.png 300w\" sizes=\"(max-width: 640px) 100vw, 640px\" \/><figcaption class=\"wp-element-caption\"><em>Jardin de la communaut\u00e9 de N\u00eemes, Gard (de gauche \u00e0 droit : Sr Doan, Sr Madeleine (Formatrice), Sr Giang, Sr Clarisse, Sr Ivonne et Sr Adeline)<\/em><\/figcaption><\/figure>\n<\/div>\n\n\n<p>Retour en image sur quelques \u00e9v\u00e9nements marquants de ce temps de formation.<\/p>\n\n\n\n<p><strong>P\u00e8lerinage sur les pas du p\u00e8re d\u2019 Alzon<\/strong> avec les s\u0153urs provinciales qui participent au conseil de Congr\u00e9gation sont venues et rest\u00e9es du 12 au 17 mai.<\/p>\n\n\n\n<p><strong>1er jour<\/strong> : le Vigan, Rochebelle, l\u2019Esp\u00e9rou puis mont Aigoual. <\/p>\n\n\n\n<figure class=\"wp-block-gallery has-nested-images columns-default is-cropped wp-block-gallery-1 is-layout-flex wp-block-gallery-is-layout-flex\">\n<figure class=\"wp-block-image size-large\"><img decoding=\"async\" width=\"640\" height=\"480\" data-id=\"5338\" src=\"https:\/\/oblatesassomption.com\/wp-content\/uploads\/2025\/07\/image-2.png\" alt=\"\" class=\"wp-image-5338\" srcset=\"https:\/\/oblatesassomption.com\/wp-content\/uploads\/2025\/07\/image-2.png 640w, https:\/\/oblatesassomption.com\/wp-content\/uploads\/2025\/07\/image-2-300x225.png 300w\" sizes=\"(max-width: 640px) 100vw, 640px\" \/><\/figure>\n\n\n\n<figure class=\"wp-block-image size-large\"><img decoding=\"async\" width=\"480\" height=\"640\" data-id=\"5339\" src=\"https:\/\/oblatesassomption.com\/wp-content\/uploads\/2025\/07\/image-3.png\" alt=\"\" class=\"wp-image-5339\" srcset=\"https:\/\/oblatesassomption.com\/wp-content\/uploads\/2025\/07\/image-3.png 480w, https:\/\/oblatesassomption.com\/wp-content\/uploads\/2025\/07\/image-3-225x300.png 225w\" sizes=\"(max-width: 480px) 100vw, 480px\" \/><\/figure>\n\n\n\n<figure class=\"wp-block-image size-large\"><img loading=\"lazy\" decoding=\"async\" width=\"1024\" height=\"768\" data-id=\"5337\" src=\"https:\/\/oblatesassomption.com\/wp-content\/uploads\/2025\/07\/image-1-1024x768.png\" alt=\"\" class=\"wp-image-5337\" srcset=\"https:\/\/oblatesassomption.com\/wp-content\/uploads\/2025\/07\/image-1-1024x768.png 1024w, https:\/\/oblatesassomption.com\/wp-content\/uploads\/2025\/07\/image-1-300x225.png 300w, https:\/\/oblatesassomption.com\/wp-content\/uploads\/2025\/07\/image-1-768x576.png 768w, https:\/\/oblatesassomption.com\/wp-content\/uploads\/2025\/07\/image-1.png 1280w\" sizes=\"(max-width: 1024px) 100vw, 1024px\" \/><\/figure>\n<\/figure>\n\n\n\n<p><strong>2e jour : <\/strong>Lavagnac et le \u00ab\u00a0Refuge\u00a0\u00bb \u00e0 N\u00eemes<\/p>\n\n\n\n<p>Elles ont eu de la chance d\u2019avoir le guide incontournable, passionn\u00e9 et passionnant,&nbsp;Mr&nbsp;Bals pour le ch\u00e2teau de Lavagnac<\/p>\n\n\n\n<figure class=\"wp-block-gallery has-nested-images columns-default is-cropped wp-block-gallery-2 is-layout-flex wp-block-gallery-is-layout-flex\">\n<figure class=\"wp-block-image size-large\"><img loading=\"lazy\" decoding=\"async\" width=\"640\" height=\"480\" data-id=\"5355\" src=\"https:\/\/oblatesassomption.com\/wp-content\/uploads\/2025\/07\/image-19.png\" alt=\"\" class=\"wp-image-5355\" srcset=\"https:\/\/oblatesassomption.com\/wp-content\/uploads\/2025\/07\/image-19.png 640w, https:\/\/oblatesassomption.com\/wp-content\/uploads\/2025\/07\/image-19-300x225.png 300w\" sizes=\"(max-width: 640px) 100vw, 640px\" \/><\/figure>\n\n\n\n<figure class=\"wp-block-image size-large\"><img loading=\"lazy\" decoding=\"async\" width=\"1024\" height=\"768\" data-id=\"5340\" src=\"https:\/\/oblatesassomption.com\/wp-content\/uploads\/2025\/07\/image-4-1024x768.png\" alt=\"\" class=\"wp-image-5340\" srcset=\"https:\/\/oblatesassomption.com\/wp-content\/uploads\/2025\/07\/image-4-1024x768.png 1024w, https:\/\/oblatesassomption.com\/wp-content\/uploads\/2025\/07\/image-4-300x225.png 300w, https:\/\/oblatesassomption.com\/wp-content\/uploads\/2025\/07\/image-4-768x576.png 768w, https:\/\/oblatesassomption.com\/wp-content\/uploads\/2025\/07\/image-4.png 1400w\" sizes=\"(max-width: 1024px) 100vw, 1024px\" \/><\/figure>\n<\/figure>\n\n\n\n<p>D\u00e8s son arriv\u00e9e \u00e0 N\u00eemes en automne 1835 , le P\u00e8re d\u2019 Alzon a vu la mis\u00e8re morale d\u2019une partie de la soci\u00e9t\u00e9 n\u00eemoise avec le d\u00e9but de l\u2019industrialisation. Pour prot\u00e9ger les jeunes filles de la prostitution, il ouvrit une maison dans la rue Rouget de l\u2019Isle. Celles-ci sont encadr\u00e9es par les S\u0153urs de Marie Th\u00e9r\u00e8se que le P d\u2019Alzon fait venir dans le dioc\u00e8se.<\/p>\n\n\n\n<p>Pour la premi\u00e8re fois, on a pu entrer dans ce qu\u2019\u00e9tait le&nbsp;<em><strong>\u00ab&nbsp;Refuge&nbsp;\u00bb,<\/strong><\/em>&nbsp;devenu une agence immobili\u00e8re. La fa\u00e7ade int\u00e9rieure&nbsp;n\u2019a&nbsp;pas \u00e9t\u00e9&nbsp;modifi\u00e9e.<\/p>\n\n\n\n<figure class=\"wp-block-gallery has-nested-images columns-default is-cropped wp-block-gallery-3 is-layout-flex wp-block-gallery-is-layout-flex\">\n<figure class=\"wp-block-image size-large\"><img loading=\"lazy\" decoding=\"async\" width=\"1024\" height=\"768\" data-id=\"5342\" src=\"https:\/\/oblatesassomption.com\/wp-content\/uploads\/2025\/07\/image-6-1024x768.png\" alt=\"\" class=\"wp-image-5342\" srcset=\"https:\/\/oblatesassomption.com\/wp-content\/uploads\/2025\/07\/image-6-1024x768.png 1024w, https:\/\/oblatesassomption.com\/wp-content\/uploads\/2025\/07\/image-6-300x225.png 300w, https:\/\/oblatesassomption.com\/wp-content\/uploads\/2025\/07\/image-6-768x576.png 768w, https:\/\/oblatesassomption.com\/wp-content\/uploads\/2025\/07\/image-6.png 1400w\" sizes=\"(max-width: 1024px) 100vw, 1024px\" \/><\/figure>\n\n\n\n<figure class=\"wp-block-image size-large\"><img loading=\"lazy\" decoding=\"async\" width=\"1024\" height=\"768\" data-id=\"5341\" src=\"https:\/\/oblatesassomption.com\/wp-content\/uploads\/2025\/07\/image-5-1024x768.png\" alt=\"\" class=\"wp-image-5341\" srcset=\"https:\/\/oblatesassomption.com\/wp-content\/uploads\/2025\/07\/image-5-1024x768.png 1024w, https:\/\/oblatesassomption.com\/wp-content\/uploads\/2025\/07\/image-5-300x225.png 300w, https:\/\/oblatesassomption.com\/wp-content\/uploads\/2025\/07\/image-5-768x576.png 768w, https:\/\/oblatesassomption.com\/wp-content\/uploads\/2025\/07\/image-5.png 1400w\" sizes=\"(max-width: 1024px) 100vw, 1024px\" \/><\/figure>\n<\/figure>\n\n\n\n<p><strong>Une session sur l\u2019histoire de la France au&nbsp;XIX\u00e8me&nbsp;si\u00e8cle et de la vie du P\u00e8re d\u2019 Alzon avec le p\u00e8re Philippe Berrachet (A. A.)<\/strong><\/p>\n\n\n\n<figure class=\"wp-block-gallery has-nested-images columns-default is-cropped wp-block-gallery-4 is-layout-flex wp-block-gallery-is-layout-flex\">\n<figure class=\"wp-block-image size-large\"><img loading=\"lazy\" decoding=\"async\" width=\"1024\" height=\"767\" data-id=\"5344\" src=\"https:\/\/oblatesassomption.com\/wp-content\/uploads\/2025\/07\/image-8.png\" alt=\"\" class=\"wp-image-5344\" srcset=\"https:\/\/oblatesassomption.com\/wp-content\/uploads\/2025\/07\/image-8.png 1024w, https:\/\/oblatesassomption.com\/wp-content\/uploads\/2025\/07\/image-8-300x225.png 300w, https:\/\/oblatesassomption.com\/wp-content\/uploads\/2025\/07\/image-8-768x575.png 768w\" sizes=\"(max-width: 1024px) 100vw, 1024px\" \/><\/figure>\n\n\n\n<figure class=\"wp-block-image size-large\"><img loading=\"lazy\" decoding=\"async\" width=\"1024\" height=\"768\" data-id=\"5343\" src=\"https:\/\/oblatesassomption.com\/wp-content\/uploads\/2025\/07\/image-7.png\" alt=\"\" class=\"wp-image-5343\" srcset=\"https:\/\/oblatesassomption.com\/wp-content\/uploads\/2025\/07\/image-7.png 1024w, https:\/\/oblatesassomption.com\/wp-content\/uploads\/2025\/07\/image-7-300x225.png 300w, https:\/\/oblatesassomption.com\/wp-content\/uploads\/2025\/07\/image-7-768x576.png 768w\" sizes=\"(max-width: 1024px) 100vw, 1024px\" \/><\/figure>\n<\/figure>\n\n\n\n<p><strong>A la recherche des M\u00e8res Franck au Bouscat, Bordeaux. <\/strong><\/p>\n\n\n\n<figure class=\"wp-block-image size-large\"><img loading=\"lazy\" decoding=\"async\" width=\"1024\" height=\"597\" src=\"https:\/\/oblatesassomption.com\/wp-content\/uploads\/2025\/07\/image-9-1024x597.png\" alt=\"\" class=\"wp-image-5345\" srcset=\"https:\/\/oblatesassomption.com\/wp-content\/uploads\/2025\/07\/image-9-1024x597.png 1024w, https:\/\/oblatesassomption.com\/wp-content\/uploads\/2025\/07\/image-9-300x175.png 300w, https:\/\/oblatesassomption.com\/wp-content\/uploads\/2025\/07\/image-9-768x448.png 768w, https:\/\/oblatesassomption.com\/wp-content\/uploads\/2025\/07\/image-9.png 1400w\" sizes=\"(max-width: 1024px) 100vw, 1024px\" \/><\/figure>\n\n\n\n<p>Visite de l\u2019\u00e9cole \u2013 Coll\u00e8ge Emmanuel d\u2019Alzon \u00e0 Saint M\u00e9dard<\/p>\n\n\n\n<figure class=\"wp-block-gallery has-nested-images columns-default is-cropped wp-block-gallery-5 is-layout-flex wp-block-gallery-is-layout-flex\">\n<figure class=\"wp-block-image size-large\"><img loading=\"lazy\" decoding=\"async\" width=\"816\" height=\"612\" data-id=\"5347\" src=\"https:\/\/oblatesassomption.com\/wp-content\/uploads\/2025\/07\/image-11.png\" alt=\"\" class=\"wp-image-5347\" srcset=\"https:\/\/oblatesassomption.com\/wp-content\/uploads\/2025\/07\/image-11.png 816w, https:\/\/oblatesassomption.com\/wp-content\/uploads\/2025\/07\/image-11-300x225.png 300w, https:\/\/oblatesassomption.com\/wp-content\/uploads\/2025\/07\/image-11-768x576.png 768w\" sizes=\"(max-width: 816px) 100vw, 816px\" \/><\/figure>\n\n\n\n<figure class=\"wp-block-image size-large\"><img loading=\"lazy\" decoding=\"async\" width=\"1024\" height=\"768\" data-id=\"5346\" src=\"https:\/\/oblatesassomption.com\/wp-content\/uploads\/2025\/07\/image-10-1024x768.png\" alt=\"\" class=\"wp-image-5346\" srcset=\"https:\/\/oblatesassomption.com\/wp-content\/uploads\/2025\/07\/image-10-1024x768.png 1024w, https:\/\/oblatesassomption.com\/wp-content\/uploads\/2025\/07\/image-10-300x225.png 300w, https:\/\/oblatesassomption.com\/wp-content\/uploads\/2025\/07\/image-10-768x576.png 768w, https:\/\/oblatesassomption.com\/wp-content\/uploads\/2025\/07\/image-10.png 1400w\" sizes=\"(max-width: 1024px) 100vw, 1024px\" \/><\/figure>\n<\/figure>\n\n\n\n<p><strong>Notre mission d&rsquo;Orient avec le p\u00e8re Daniel Gillier (A. A.)<\/strong><\/p>\n\n\n\n<p>Plus de trente an de mission \u00e0 Bulgarie, notre premi\u00e8re mission juste apr\u00e8s notre fondation en 1865, le P\u00e8re Daniel Gellier vient partager son exp\u00e9rience, notre histoire pendant trois jours aux s\u0153urs.<\/p>\n\n\n\n<figure class=\"wp-block-gallery has-nested-images columns-default is-cropped wp-block-gallery-6 is-layout-flex wp-block-gallery-is-layout-flex\">\n<figure class=\"wp-block-image size-large\"><img loading=\"lazy\" decoding=\"async\" width=\"1024\" height=\"768\" data-id=\"5348\" src=\"https:\/\/oblatesassomption.com\/wp-content\/uploads\/2025\/07\/image-12-1024x768.png\" alt=\"\" class=\"wp-image-5348\" srcset=\"https:\/\/oblatesassomption.com\/wp-content\/uploads\/2025\/07\/image-12-1024x768.png 1024w, https:\/\/oblatesassomption.com\/wp-content\/uploads\/2025\/07\/image-12-300x225.png 300w, https:\/\/oblatesassomption.com\/wp-content\/uploads\/2025\/07\/image-12-768x576.png 768w, https:\/\/oblatesassomption.com\/wp-content\/uploads\/2025\/07\/image-12.png 1400w\" sizes=\"(max-width: 1024px) 100vw, 1024px\" \/><\/figure>\n\n\n\n<figure class=\"wp-block-image size-large\"><img loading=\"lazy\" decoding=\"async\" width=\"1024\" height=\"768\" data-id=\"5349\" src=\"https:\/\/oblatesassomption.com\/wp-content\/uploads\/2025\/07\/image-13-1024x768.png\" alt=\"\" class=\"wp-image-5349\" srcset=\"https:\/\/oblatesassomption.com\/wp-content\/uploads\/2025\/07\/image-13-1024x768.png 1024w, https:\/\/oblatesassomption.com\/wp-content\/uploads\/2025\/07\/image-13-300x225.png 300w, https:\/\/oblatesassomption.com\/wp-content\/uploads\/2025\/07\/image-13-768x576.png 768w, https:\/\/oblatesassomption.com\/wp-content\/uploads\/2025\/07\/image-13.png 1400w\" sizes=\"(max-width: 1024px) 100vw, 1024px\" \/><\/figure>\n<\/figure>\n\n\n\n<p><strong>P\u00e8lerinage \u00e0 Lamalou les Bains<\/strong><\/p>\n\n\n\n<p>Notre fondateur a fait plus de dix fois des cures thermales \u00e0 Lamalou o\u00f9 il a \u00e9t\u00e9 soign\u00e9 par son ami d\u2019enfance, le Docteur Privat, l\u2019initiateur des cures thermales. Pendant son s\u00e9jour de 1856 \u00e0 1879, il a \u00e9crit plus de cent lettres dont une, la plus belle : \u00ab&nbsp;<em>Le crucifie, mon ami de tous les jours&nbsp;\u00bb<\/em>.<\/p>\n\n\n\n<p>L\u2019 autel d\u00e9di\u00e9 \u00e0 Saint Joseph, son patron, a \u00e9t\u00e9 financ\u00e9 par le P d \u2018Alzon.<\/p>\n\n\n\n<figure class=\"wp-block-gallery has-nested-images columns-default is-cropped wp-block-gallery-7 is-layout-flex wp-block-gallery-is-layout-flex\">\n<figure class=\"wp-block-image size-large\"><img loading=\"lazy\" decoding=\"async\" width=\"1024\" height=\"768\" data-id=\"5351\" src=\"https:\/\/oblatesassomption.com\/wp-content\/uploads\/2025\/07\/image-15-1024x768.png\" alt=\"\" class=\"wp-image-5351\" srcset=\"https:\/\/oblatesassomption.com\/wp-content\/uploads\/2025\/07\/image-15-1024x768.png 1024w, https:\/\/oblatesassomption.com\/wp-content\/uploads\/2025\/07\/image-15-300x225.png 300w, https:\/\/oblatesassomption.com\/wp-content\/uploads\/2025\/07\/image-15-768x576.png 768w, https:\/\/oblatesassomption.com\/wp-content\/uploads\/2025\/07\/image-15.png 1040w\" sizes=\"(max-width: 1024px) 100vw, 1024px\" \/><\/figure>\n\n\n\n<figure class=\"wp-block-image size-large\"><img loading=\"lazy\" decoding=\"async\" width=\"768\" height=\"1024\" data-id=\"5350\" src=\"https:\/\/oblatesassomption.com\/wp-content\/uploads\/2025\/07\/image-14-768x1024.png\" alt=\"\" class=\"wp-image-5350\" srcset=\"https:\/\/oblatesassomption.com\/wp-content\/uploads\/2025\/07\/image-14-768x1024.png 768w, https:\/\/oblatesassomption.com\/wp-content\/uploads\/2025\/07\/image-14-225x300.png 225w, https:\/\/oblatesassomption.com\/wp-content\/uploads\/2025\/07\/image-14.png 780w\" sizes=\"(max-width: 768px) 100vw, 768px\" \/><\/figure>\n\n\n\n<figure class=\"wp-block-image size-large\"><img loading=\"lazy\" decoding=\"async\" width=\"768\" height=\"1024\" data-id=\"5352\" src=\"https:\/\/oblatesassomption.com\/wp-content\/uploads\/2025\/07\/image-16-768x1024.png\" alt=\"\" class=\"wp-image-5352\" srcset=\"https:\/\/oblatesassomption.com\/wp-content\/uploads\/2025\/07\/image-16-768x1024.png 768w, https:\/\/oblatesassomption.com\/wp-content\/uploads\/2025\/07\/image-16-225x300.png 225w, https:\/\/oblatesassomption.com\/wp-content\/uploads\/2025\/07\/image-16.png 780w\" sizes=\"(max-width: 768px) 100vw, 768px\" \/><\/figure>\n<\/figure>\n\n\n\n<p><strong>La postulation pour la b\u00e9atification du p\u00e8re Emmanuel d&rsquo;Alzon <\/strong><\/p>\n\n\n\n<p>Le P\u00e8re Foug\u00e8res, charg\u00e9 de la postulation du p\u00e8re Emmanuel d\u2019 Alzon au niveau du dioc\u00e8se, nous donne une conf\u00e9rence sur l\u2019implication de notre fondateur en tant que vicaire g\u00e9n\u00e9ral de 4 \u00e9v\u00eaques sur N\u00eemes: Monseigneurs de Chaffoy, Cart, Plantier et Besson.<\/p>\n\n\n\n<figure class=\"wp-block-gallery has-nested-images columns-default is-cropped wp-block-gallery-8 is-layout-flex wp-block-gallery-is-layout-flex\">\n<figure class=\"wp-block-image size-large\"><img loading=\"lazy\" decoding=\"async\" width=\"1024\" height=\"633\" data-id=\"5354\" src=\"https:\/\/oblatesassomption.com\/wp-content\/uploads\/2025\/07\/image-18.png\" alt=\"\" class=\"wp-image-5354\" srcset=\"https:\/\/oblatesassomption.com\/wp-content\/uploads\/2025\/07\/image-18.png 1024w, https:\/\/oblatesassomption.com\/wp-content\/uploads\/2025\/07\/image-18-300x185.png 300w, https:\/\/oblatesassomption.com\/wp-content\/uploads\/2025\/07\/image-18-768x475.png 768w\" sizes=\"(max-width: 1024px) 100vw, 1024px\" \/><\/figure>\n\n\n\n<figure class=\"wp-block-image size-large\"><img loading=\"lazy\" decoding=\"async\" width=\"1024\" height=\"634\" data-id=\"5353\" src=\"https:\/\/oblatesassomption.com\/wp-content\/uploads\/2025\/07\/image-17-1024x634.png\" alt=\"\" class=\"wp-image-5353\" srcset=\"https:\/\/oblatesassomption.com\/wp-content\/uploads\/2025\/07\/image-17-1024x634.png 1024w, https:\/\/oblatesassomption.com\/wp-content\/uploads\/2025\/07\/image-17-300x186.png 300w, https:\/\/oblatesassomption.com\/wp-content\/uploads\/2025\/07\/image-17-768x475.png 768w, https:\/\/oblatesassomption.com\/wp-content\/uploads\/2025\/07\/image-17-1536x951.png 1536w, https:\/\/oblatesassomption.com\/wp-content\/uploads\/2025\/07\/image-17.png 1591w\" sizes=\"(max-width: 1024px) 100vw, 1024px\" \/><\/figure>\n<\/figure>\n\n\n\n<p>Leur s\u00e9jour \u00e0 N\u00eemes a \u00e9t\u00e9 rythm\u00e9 par le temps de formation, mais aussi la vie communautaire internationale et la visite culturelle.<\/p>\n\n\n\n<p>Nous remercions nos s\u0153urs pour leur pr\u00e9sence et leur service et nous leur souhaitons un bon retour et une belle mission dans leur communaut\u00e9. Que tout ce qu\u2019elles ont acquis \u00e0 N\u00eemes porte de bons et beaux fruits. <\/p>\n\n\n\n<p>Nous remercions \u00e9galement nos s\u0153urs accompagnatrices et la communaut\u00e9 de N\u00eemes pour leur accueil&nbsp;et leur service tout au long de ces 3 mois.&nbsp;<\/p>\n\n\n\n<p>Source : <a href=\"https:\/\/oblatesassomptionnimes.wordpress.com\/\">https:\/\/oblatesassomptionnimes.wordpress.com\/<\/a><\/p>\n","protected":false},"excerpt":{"rendered":"<p>Au fil du Chapitre G\u00e9n\u00e9ral 2023, la Congr\u00e9gation a v\u00e9cu le processus de discernement communautaire qui a fait \u00e9merger, parmi les quatre appels, cet appel du Seigneur pour 6 ans&nbsp;:&nbsp;\u00ab&nbsp;Vivre et transmettre le charisme, avec les la\u00efcs.&nbsp;\u00bb En r\u00e9ponse \u00e0 la demande du Chapitre G\u00e9n\u00e9ral de mettre en place un module de formation au charisme [&hellip;]<\/p>\n","protected":false},"author":1,"featured_media":5349,"comment_status":"open","ping_status":"open","sticky":false,"template":"","format":"standard","meta":{"footnotes":""},"categories":[19,58,7,38,45],"tags":[10],"class_list":["post-5335","post","type-post","status-publish","format-standard","has-post-thumbnail","hentry","category-assomptionnistes","category-charisme-de-lunite","category-fondation","category-mission","category-unite-des-chretiens","tag-oblates-de-lassomption"],"_links":{"self":[{"href":"https:\/\/oblatesassomption.com\/index.php\/wp-json\/wp\/v2\/posts\/5335","targetHints":{"allow":["GET"]}}],"collection":[{"href":"https:\/\/oblatesassomption.com\/index.php\/wp-json\/wp\/v2\/posts"}],"about":[{"href":"https:\/\/oblatesassomption.com\/index.php\/wp-json\/wp\/v2\/types\/post"}],"author":[{"embeddable":true,"href":"https:\/\/oblatesassomption.com\/index.php\/wp-json\/wp\/v2\/users\/1"}],"replies":[{"embeddable":true,"href":"https:\/\/oblatesassomption.com\/index.php\/wp-json\/wp\/v2\/comments?post=5335"}],"version-history":[{"count":4,"href":"https:\/\/oblatesassomption.com\/index.php\/wp-json\/wp\/v2\/posts\/5335\/revisions"}],"predecessor-version":[{"id":5360,"href":"https:\/\/oblatesassomption.com\/index.php\/wp-json\/wp\/v2\/posts\/5335\/revisions\/5360"}],"wp:featuredmedia":[{"embeddable":true,"href":"https:\/\/oblatesassomption.com\/index.php\/wp-json\/wp\/v2\/media\/5349"}],"wp:attachment":[{"href":"https:\/\/oblatesassomption.com\/index.php\/wp-json\/wp\/v2\/media?parent=5335"}],"wp:term":[{"taxonomy":"category","embeddable":true,"href":"https:\/\/oblatesassomption.com\/index.php\/wp-json\/wp\/v2\/categories?post=5335"},{"taxonomy":"post_tag","embeddable":true,"href":"https:\/\/oblatesassomption.com\/index.php\/wp-json\/wp\/v2\/tags?post=5335"}],"curies":[{"name":"wp","href":"https:\/\/api.w.org\/{rel}","templated":true}]}}