{"id":5313,"date":"2025-07-03T17:44:47","date_gmt":"2025-07-03T15:44:47","guid":{"rendered":"https:\/\/oblatesassomption.com\/?p=5313"},"modified":"2025-07-31T22:57:49","modified_gmt":"2025-07-31T20:57:49","slug":"juillet-pour-la-formation-au-discernement","status":"publish","type":"post","link":"https:\/\/oblatesassomption.com\/index.php\/2025\/07\/03\/juillet-pour-la-formation-au-discernement\/","title":{"rendered":"JUILLET || Pour la formation au discernement"},"content":{"rendered":"\n<p>Prions pour que nous apprenions \u00e0 \u00eatre toujours plus en mesure de discerner, pour choisir des chemins de vie et rejeter tout ce qui nous \u00e9loigne du Christ et de l\u2019\u00c9vangile.<\/p>\n\n\n\n<figure class=\"wp-block-embed is-type-video is-provider-youtube wp-block-embed-youtube wp-embed-aspect-16-9 wp-has-aspect-ratio\"><div class=\"wp-block-embed__wrapper\">\n<iframe title=\"Pour la formation au discernement \u2013 La Vid\u00e9o du Pape \u2013 Juillet 2025\" width=\"800\" height=\"450\" src=\"https:\/\/www.youtube.com\/embed\/FRt1_w3m6jQ?feature=oembed\" frameborder=\"0\" allow=\"accelerometer; autoplay; clipboard-write; encrypted-media; gyroscope; picture-in-picture; web-share\" referrerpolicy=\"strict-origin-when-cross-origin\" allowfullscreen><\/iframe>\n<\/div><\/figure>\n\n\n\n<p>Source : <a href=\"https:\/\/thepopevideo.org\/july-for-formation-in-discernment\/?lang=fr\">https:\/\/thepopevideo.org\/july-for-formation-in-discernment\/?lang=fr<\/a><\/p>\n\n\n\n<p><\/p>\n","protected":false},"excerpt":{"rendered":"<p>Prions pour que nous apprenions \u00e0 \u00eatre toujours plus en mesure de discerner, pour choisir des chemins de vie et rejeter tout ce qui nous \u00e9loigne du Christ et de l\u2019\u00c9vangile. Source : https:\/\/thepopevideo.org\/july-for-formation-in-discernment\/?lang=fr<\/p>\n","protected":false},"author":1,"featured_media":4235,"comment_status":"open","ping_status":"open","sticky":false,"template":"","format":"standard","meta":{"footnotes":""},"categories":[40,57],"tags":[10],"class_list":["post-5313","post","type-post","status-publish","format-standard","has-post-thumbnail","hentry","category-eglise","category-pape-leon-xiv","tag-oblates-de-lassomption"],"_links":{"self":[{"href":"https:\/\/oblatesassomption.com\/index.php\/wp-json\/wp\/v2\/posts\/5313","targetHints":{"allow":["GET"]}}],"collection":[{"href":"https:\/\/oblatesassomption.com\/index.php\/wp-json\/wp\/v2\/posts"}],"about":[{"href":"https:\/\/oblatesassomption.com\/index.php\/wp-json\/wp\/v2\/types\/post"}],"author":[{"embeddable":true,"href":"https:\/\/oblatesassomption.com\/index.php\/wp-json\/wp\/v2\/users\/1"}],"replies":[{"embeddable":true,"href":"https:\/\/oblatesassomption.com\/index.php\/wp-json\/wp\/v2\/comments?post=5313"}],"version-history":[{"count":2,"href":"https:\/\/oblatesassomption.com\/index.php\/wp-json\/wp\/v2\/posts\/5313\/revisions"}],"predecessor-version":[{"id":5383,"href":"https:\/\/oblatesassomption.com\/index.php\/wp-json\/wp\/v2\/posts\/5313\/revisions\/5383"}],"wp:featuredmedia":[{"embeddable":true,"href":"https:\/\/oblatesassomption.com\/index.php\/wp-json\/wp\/v2\/media\/4235"}],"wp:attachment":[{"href":"https:\/\/oblatesassomption.com\/index.php\/wp-json\/wp\/v2\/media?parent=5313"}],"wp:term":[{"taxonomy":"category","embeddable":true,"href":"https:\/\/oblatesassomption.com\/index.php\/wp-json\/wp\/v2\/categories?post=5313"},{"taxonomy":"post_tag","embeddable":true,"href":"https:\/\/oblatesassomption.com\/index.php\/wp-json\/wp\/v2\/tags?post=5313"}],"curies":[{"name":"wp","href":"https:\/\/api.w.org\/{rel}","templated":true}]}}