{"id":5288,"date":"2025-07-02T09:58:32","date_gmt":"2025-07-02T07:58:32","guid":{"rendered":"https:\/\/oblatesassomption.com\/?p=5288"},"modified":"2025-07-02T12:16:33","modified_gmt":"2025-07-02T10:16:33","slug":"echo-du-conseil-de-province-afrique-de-lest-un-rendez-vous-de-grace-et-de-communion-fraternelle-a-arusha","status":"publish","type":"post","link":"https:\/\/oblatesassomption.com\/index.php\/2025\/07\/02\/echo-du-conseil-de-province-afrique-de-lest-un-rendez-vous-de-grace-et-de-communion-fraternelle-a-arusha\/","title":{"rendered":"\u00c9cho du Conseil de Province \u2013 Afrique de l\u2019Est : Un rendez-vous de gr\u00e2ce et de communion fraternelle \u00e0 Arusha !"},"content":{"rendered":"\n<p><strong><em>Un rendez-vous de gr\u00e2ce et de communion fraternelle \u00e0 Arusha<\/em><\/strong> !<\/p>\n\n\n\n<p class=\"has-text-align-left\">Du 28 juin au 3 juillet 2025, la Sup\u00e9rieure provinciale, son Conseil, les Sup\u00e9rieures de communaut\u00e9s ainsi que les responsables des institutions se retrouvent a Chekereni (Arusha) pour vivre ensemble le Conseil de Province, un moment fort de r\u00e9flexion, de discernement et de communion sous le th\u00e8me g\u00e9n\u00e9ral\u00a0: <\/p>\n\n\n\n<p class=\"has-text-align-center\"><strong><em>P\u00e8lerin de l\u2019esp\u00e9rance<\/em><\/strong><\/p>\n\n\n\n<p>V\u00e9ritable temps de ressourcement spirituel et d\u2019\u00e9lan missionnaire, conform\u00e9ment \u00e0 notre R\u00e8gle de Vie (RV 75), ces assises visent \u00e0 raviver la flamme de notre charisme et \u00e0 rechercher ensemble les orientations les plus porteuses pour la mission dans notre Province.<\/p>\n\n\n\n<p><strong><em>Une Province en mouvement\u2026<\/em><\/strong><\/p>\n\n\n\n<p>La Province d\u2019Afrique de l\u2019Est s\u2019\u00e9tend sur quatre pays : Tanzanie, Kenya, Rwanda et Ouganda. Elle compte 20 communaut\u00e9s, r\u00e9parties comme suit : 10 en Tanzanie, 7 au Rwanda, 2 en Ouganda et 1 au Kenya. Ce sont 105 s\u0153urs de 7 nationalit\u00e9s, africaines et asiatiques qui portent ensemble la mission avec audace et esp\u00e9rance.<\/p>\n\n\n\n<p><strong><em>Une mission multiple et vivante\u2026<\/em><\/strong><\/p>\n\n\n\n<p>Nos communaut\u00e9s s\u2019investissent dans des domaines cl\u00e9s : \u00e9ducation, sant\u00e9, action sociale, pastorale paroissiale et dioc\u00e9saine. Durant ces journ\u00e9es, chaque sup\u00e9rieure partage un rapport de mission, tout comme les responsables d\u2019institutions (\u00e9coles, dispensaires&#8230;), les formatrices et les coordinatrices des diff\u00e9rentes commissions.<\/p>\n\n\n\n<p><strong><em>\u00c0 l\u2019\u00e9coute de l\u2019Esprit Saint<\/em><\/strong><\/p>\n\n\n\n<p>Ces \u00e9changes fraternels permettent de v\u00e9rifier la fid\u00e9lit\u00e9 de notre engagement au charisme de la Congr\u00e9gation et aux orientations du Chapitre G\u00e9n\u00e9ral 2023. <strong>Ensemble, nous cherchons \u00e0 discerner les appels de l&rsquo;Esprit Saint \u00e0 travers les signes des temps, dans un climat d\u2019\u00e9coute, de pri\u00e8re et de solidarit\u00e9.<\/strong><\/p>\n\n\n\n<p>Les membres du Conseil de province discernent ensemble les signes d\u2019esp\u00e9rance, les r\u00e9alisations dans toute la province, les d\u00e9fis rencontr\u00e9s, ainsi que les propositions d\u2019avenir.<\/p>\n\n\n\n<p>Le Conseil de Province, ce n\u2019est pas qu\u2019une simple rencontre : <strong>c\u2019est un souffle nouveau qui ranime notre \u00e9lan missionnaire, ravive la dynamique communautaire et \u00e9claire nos projets pour l\u2019ann\u00e9e \u00e0 venir.<\/strong> En cette ann\u00e9e jubilaire, cette d\u00e9marche d\u2019\u00e9coute mutuelle s\u2019inscrit comme un temps\u00a0d\u2019action pour relire le chemin parcouru avec foi, et continuer de cueillir des fruits d\u2019esp\u00e9rance et de gr\u00e2ce depuis le dernier Chapitre General de 2023. Nous prions que ce moment de discernement communautaire fasse grandir en nous la joie et le sens d\u2019appartence \u00e0 notre famille religieuse des Oblates de l\u2019Assomption.<\/p>\n\n\n\n<p class=\"has-text-align-right\">Pour la Province, Sr Marlyn NGANZALI<\/p>\n\n\n\n<figure class=\"wp-block-gallery has-nested-images columns-default is-cropped wp-block-gallery-1 is-layout-flex wp-block-gallery-is-layout-flex\">\n<figure class=\"wp-block-image size-large\"><img fetchpriority=\"high\" decoding=\"async\" width=\"1024\" height=\"459\" data-id=\"5304\" src=\"https:\/\/oblatesassomption.com\/wp-content\/uploads\/2025\/07\/PHOTO-2025-07-02-08-53-21-1024x459.jpg\" alt=\"\" class=\"wp-image-5304\" srcset=\"https:\/\/oblatesassomption.com\/wp-content\/uploads\/2025\/07\/PHOTO-2025-07-02-08-53-21-1024x459.jpg 1024w, https:\/\/oblatesassomption.com\/wp-content\/uploads\/2025\/07\/PHOTO-2025-07-02-08-53-21-300x135.jpg 300w, https:\/\/oblatesassomption.com\/wp-content\/uploads\/2025\/07\/PHOTO-2025-07-02-08-53-21-768x344.jpg 768w, https:\/\/oblatesassomption.com\/wp-content\/uploads\/2025\/07\/PHOTO-2025-07-02-08-53-21.jpg 1280w\" sizes=\"(max-width: 1024px) 100vw, 1024px\" \/><\/figure>\n\n\n\n<figure class=\"wp-block-image size-large\"><img decoding=\"async\" width=\"1024\" height=\"459\" data-id=\"5306\" src=\"https:\/\/oblatesassomption.com\/wp-content\/uploads\/2025\/07\/PHOTO-2025-07-02-08-53-22-1024x459.jpg\" alt=\"\" class=\"wp-image-5306\" srcset=\"https:\/\/oblatesassomption.com\/wp-content\/uploads\/2025\/07\/PHOTO-2025-07-02-08-53-22-1024x459.jpg 1024w, https:\/\/oblatesassomption.com\/wp-content\/uploads\/2025\/07\/PHOTO-2025-07-02-08-53-22-300x135.jpg 300w, https:\/\/oblatesassomption.com\/wp-content\/uploads\/2025\/07\/PHOTO-2025-07-02-08-53-22-768x344.jpg 768w, https:\/\/oblatesassomption.com\/wp-content\/uploads\/2025\/07\/PHOTO-2025-07-02-08-53-22.jpg 1280w\" sizes=\"(max-width: 1024px) 100vw, 1024px\" \/><\/figure>\n\n\n\n<figure class=\"wp-block-image size-large\"><img decoding=\"async\" width=\"1024\" height=\"459\" data-id=\"5303\" src=\"https:\/\/oblatesassomption.com\/wp-content\/uploads\/2025\/07\/PHOTO-2025-07-02-08-53-19-1024x459.jpg\" alt=\"\" class=\"wp-image-5303\" srcset=\"https:\/\/oblatesassomption.com\/wp-content\/uploads\/2025\/07\/PHOTO-2025-07-02-08-53-19-1024x459.jpg 1024w, https:\/\/oblatesassomption.com\/wp-content\/uploads\/2025\/07\/PHOTO-2025-07-02-08-53-19-300x135.jpg 300w, https:\/\/oblatesassomption.com\/wp-content\/uploads\/2025\/07\/PHOTO-2025-07-02-08-53-19-768x344.jpg 768w, https:\/\/oblatesassomption.com\/wp-content\/uploads\/2025\/07\/PHOTO-2025-07-02-08-53-19.jpg 1280w\" sizes=\"(max-width: 1024px) 100vw, 1024px\" \/><\/figure>\n<\/figure>\n","protected":false},"excerpt":{"rendered":"<p>Un rendez-vous de gr\u00e2ce et de communion fraternelle \u00e0 Arusha ! Du 28 juin au 3 juillet 2025, la Sup\u00e9rieure provinciale, son Conseil, les Sup\u00e9rieures de communaut\u00e9s ainsi que les responsables des institutions se retrouvent a Chekereni (Arusha) pour vivre ensemble le Conseil de Province, un moment fort de r\u00e9flexion, de discernement et de communion [&hellip;]<\/p>\n","protected":false},"author":1,"featured_media":5294,"comment_status":"open","ping_status":"open","sticky":false,"template":"","format":"standard","meta":{"footnotes":""},"categories":[50,38],"tags":[10],"class_list":["post-5288","post","type-post","status-publish","format-standard","has-post-thumbnail","hentry","category-jubile-esperance","category-mission","tag-oblates-de-lassomption"],"_links":{"self":[{"href":"https:\/\/oblatesassomption.com\/index.php\/wp-json\/wp\/v2\/posts\/5288","targetHints":{"allow":["GET"]}}],"collection":[{"href":"https:\/\/oblatesassomption.com\/index.php\/wp-json\/wp\/v2\/posts"}],"about":[{"href":"https:\/\/oblatesassomption.com\/index.php\/wp-json\/wp\/v2\/types\/post"}],"author":[{"embeddable":true,"href":"https:\/\/oblatesassomption.com\/index.php\/wp-json\/wp\/v2\/users\/1"}],"replies":[{"embeddable":true,"href":"https:\/\/oblatesassomption.com\/index.php\/wp-json\/wp\/v2\/comments?post=5288"}],"version-history":[{"count":4,"href":"https:\/\/oblatesassomption.com\/index.php\/wp-json\/wp\/v2\/posts\/5288\/revisions"}],"predecessor-version":[{"id":5308,"href":"https:\/\/oblatesassomption.com\/index.php\/wp-json\/wp\/v2\/posts\/5288\/revisions\/5308"}],"wp:featuredmedia":[{"embeddable":true,"href":"https:\/\/oblatesassomption.com\/index.php\/wp-json\/wp\/v2\/media\/5294"}],"wp:attachment":[{"href":"https:\/\/oblatesassomption.com\/index.php\/wp-json\/wp\/v2\/media?parent=5288"}],"wp:term":[{"taxonomy":"category","embeddable":true,"href":"https:\/\/oblatesassomption.com\/index.php\/wp-json\/wp\/v2\/categories?post=5288"},{"taxonomy":"post_tag","embeddable":true,"href":"https:\/\/oblatesassomption.com\/index.php\/wp-json\/wp\/v2\/tags?post=5288"}],"curies":[{"name":"wp","href":"https:\/\/api.w.org\/{rel}","templated":true}]}}