{"id":5238,"date":"2025-06-03T22:51:18","date_gmt":"2025-06-03T20:51:18","guid":{"rendered":"https:\/\/oblatesassomption.com\/?p=5238"},"modified":"2025-06-03T23:21:52","modified_gmt":"2025-06-03T21:21:52","slug":"grandir-dans-la-compassion-lintention-de-priere-du-pape-en-juin","status":"publish","type":"post","link":"https:\/\/oblatesassomption.com\/index.php\/2025\/06\/03\/grandir-dans-la-compassion-lintention-de-priere-du-pape-en-juin\/","title":{"rendered":"Grandir dans la compassion, l\u2019intention de pri\u00e8re du Pape en juin"},"content":{"rendered":"\n<p>Pour le mois de juin, le Saint-P\u00e8re propose \u00e0 l\u2019\u00c9glise universelle de prier \u00abpour que chacun d\u2019entre nous trouve la consolation dans une relation personnelle avec J\u00e9sus, et apprenne de son C\u0153ur la compassion \u00e0 l\u2019\u00e9gard du monde\u00bb.<\/p>\n\n\n\n<p><strong>Vatican News<\/strong><\/p>\n\n\n\n<p><em>\u00abApprenons du c\u0153ur de J\u00e9sus la compassion \u00e0 l\u2019\u00e9gard du monde\u00bb<\/em>. C\u2019est le souhait formul\u00e9 par L\u00e9on XIV, dans la vid\u00e9o pr\u00e9sentant sa toute premi\u00e8re intention de pri\u00e8re, rendue publique ce mardi 3 juin. En ce mois-ci, traditionnellement consacr\u00e9 \u00e0 la d\u00e9votion au C\u0153ur de J\u00e9sus, le Pape invite donc \u00e0 prier\u00a0<em>\u00abpour que chacun d\u2019entre nous trouve la consolation dans une relation personnelle avec J\u00e9sus et apprenne de son C\u0153ur la compassion \u00e0 l\u2019\u00e9gard du monde\u00bb<\/em>. L\u2019\u00c9glise, par la voix du Pape, appelle ainsi les croyants \u00e0 adopter le regard du Christ sur l\u2019humanit\u00e9 et \u00e0 agir avec les sentiments de son C\u0153ur, afin de soulager les souffrances des plus fragiles.<\/p>\n\n\n\n<h3 class=\"wp-block-heading\"><strong>Une pri\u00e8re in\u00e9dite au Sacr\u00e9-C\u0153ur de J\u00e9sus<\/strong><\/h3>\n\n\n\n<p>L\u2019intention de pri\u00e8re du Saint-P\u00e8re L\u00e9on XIV, met l\u2019accent sur la croissance dans la compassion \u00e0 l\u2019\u00e9gard du monde, \u00e0 travers une relation personnelle avec J\u00e9sus. C\u2019est pourquoi dans cette vid\u00e9o, le Souverain pontife adresse une pri\u00e8re au Sacr\u00e9-C\u0153ur de J\u00e9sus. Cette supplique\u00a0<em>\u00abpar laquelle nous nous adressons au Christ pour lui demander de nous aider \u00e0 mieux le conna\u00eetre, \u00e0 demeurer avec lui, \u00e0 apprendre de son amour; qu\u2019il nous transforme et devienne notre but dans chaque circonstance de la vie quotidienne; et qu\u2019il nous envoie en mission de compassion, pour porter sa consolation \u00e0 travers le monde\u00bb<\/em>. Les images qui accompagnent cette pri\u00e8re ont \u00e9t\u00e9 tourn\u00e9es dans l\u2019\u00c9glise du Ges\u00f9 (\u00c9glise du Saint Nom de J\u00e9sus),\u00e0 Rome.<\/p>\n\n\n\n<h3 class=\"wp-block-heading\"><strong>Le myst\u00e8re du c\u0153ur de Dieu<\/strong><\/h3>\n\n\n\n<p>Les paroles du Pape rappellent que le C\u0153ur du Christ symbolise son centre personnel, d\u2019o\u00f9 jaillit son amour \u00e0 l\u2019\u00e9gard de l\u2019humanit\u00e9. Il s\u2019agit du myst\u00e8re du c\u0153ur de Dieu qui s\u2019\u00e9meut et r\u00e9pand son amour sur les femmes et les hommes du monde, de tous les temps. Bien que la d\u00e9votion au C\u0153ur du Christ ait toujours \u00e9t\u00e9 pr\u00e9sente dans la spiritualit\u00e9 chr\u00e9tienne, elle a connu un nouvel essor au XVIIe&nbsp;si\u00e8cle, gr\u00e2ce aux r\u00e9v\u00e9lations faites \u00e0 sainte Marguerite-Marie Alacoque, et \u00e0 leur interpr\u00e9tation par saint Claude La Colombi\u00e8re, S.J. Le Pape Pie IX institua la f\u00eate du Sacr\u00e9-C\u0153ur en 1856. Plus tard, L\u00e9on XIII en renfor\u00e7a l\u2019importance en l\u2019\u00e9levant au rang de solennit\u00e9 en 1889.<\/p>\n\n\n\n<p>L\u2019importance du Sacr\u00e9-C\u0153ur dans la vie de l\u2019\u00c9glise se manifeste \u00e0 la fois dans la d\u00e9votion populaire, et dans le fait que quatre papes lui ont consacr\u00e9 une encyclique. L\u00e9on XIII, dont le Pape actuel a repris le nom, a \u00e9crit l\u2019encyclique&nbsp;<em>Annum sacrum,<\/em>&nbsp;en 1899, dans laquelle il a consacr\u00e9 l\u2019humanit\u00e9 tout enti\u00e8re au C\u0153ur de J\u00e9sus. En 1928, Pie XI a publi\u00e9&nbsp;<em>Miserentissimus Redemptor<\/em>, appelant \u00e0 r\u00e9parer les blessures inflig\u00e9es au C\u0153ur du Christ par nos p\u00e9ch\u00e9s \u00e0 travers des gestes d\u2019amour. En 1956, Pie XII a approfondi les fondements th\u00e9ologiques de la d\u00e9votion au Sacr\u00e9-C\u0153ur dans&nbsp;<em>Haurietis aquas<\/em>. Par ailleurs le Pape Fran\u00e7ois, en 2024, a \u00e9crit&nbsp;<em>Dilexit nos<\/em>, proposant la d\u00e9votion au C\u0153ur du Christ comme r\u00e9ponse \u00e0 la culture du d\u00e9chet et de l\u2019indiff\u00e9rence.<\/p>\n\n\n\n<h3 class=\"wp-block-heading\"><strong>Grandir en compassion<\/strong><\/h3>\n\n\n\n<p><em>\u00abEn cultivant cette relation de v\u00e9ritable proximit\u00e9, notre c\u0153ur devient plus conforme au sien, nous grandissons en amour et en mis\u00e9ricorde, et nous apprenons mieux ce qu\u2019est la compassion. J\u00e9sus a manifest\u00e9 un amour inconditionnel envers tous, en particulier envers les pauvres, les malades et les personnes qui souffrent. Le Pape nous invite \u00e0 imiter cet amour compatissant en tendant la main \u00e0 ceux qui sont dans le besoin\u00bb, e<\/em>xplique le directeur international du R\u00e9seau Mondial de Pri\u00e8re du Pape, le P\u00e8re Crist\u00f3bal Fones, S.J. La compassion, poursuit-il\u00a0<em>\u00abcherche \u00e0 soulager la souffrance et \u00e0 promouvoir la dignit\u00e9 humaine\u00bb.\u00a0<\/em>C\u2019est pourquoi<em>\u00a0\u00abelle se traduit par des actions concr\u00e8tes qui s\u2019attaquent aux racines de la pauvret\u00e9, des in\u00e9galit\u00e9s et de l\u2019exclusion, pour contribuer \u00e0 b\u00e2tir un monde plus juste et solidaire\u00bb,\u00a0<\/em>d\u00e9taille-t-il.<\/p>\n\n\n\n<h3 class=\"wp-block-heading\"><strong>Le Chemin du C\u0153ur<\/strong><\/h3>\n\n\n\n<p>La mission du R\u00e9seau Mondial de Pri\u00e8re du Pape s\u2019inscrit pr\u00e9cis\u00e9ment dans la mission de compassion \u00e0 l\u2019\u00e9gard du monde qui jaillit du C\u0153ur de J\u00e9sus:\u00a0<em>\u00abNotre itin\u00e9raire de formation \u2013\u00a0<a href=\"https:\/\/caminodelcorazon.church\/web\/fr\/\" target=\"_blank\" rel=\"noreferrer noopener\">Le Chemin du C\u0153ur<\/a>\u00a0\u00a0\u2013 nous aide \u00e0 entrer dans une mission de compassion \u00e0 l\u2019\u00e9gard du monde \u00e0 partir d\u2019une relation d\u2019amiti\u00e9 avec J\u00e9sus, et non par simple volontarisme personnel\u00bb,<\/em>\u00a0pr\u00e9cise le P\u00e8re Crist\u00f3bal Fones, ajoutant qu\u2019 \u00ab<em>il s\u2019agit d\u2019un chemin spirituel pour nous accorder au C\u0153ur de J\u00e9sus, afin d\u2019avoir un c\u0153ur plus semblable au sien et d\u2019aller \u00e0 la rencontre de nos fr\u00e8res et s\u0153urs en participant \u00e0 sa mission\u00bb<\/em>. L\u2019union avec le Christ\u00a0<em>\u00abnous permet de percevoir les d\u00e9fis du monde avec son regard et de nous mobiliser pour y r\u00e9pondre par la pri\u00e8re et le service\u00bb<\/em>, note le directeur international du R\u00e9seau Mondial de Pri\u00e8re du Pape. Et cet itin\u00e9raire\u00a0<em>\u00abnous transforme chaque jour davantage en ap\u00f4tres de la pri\u00e8re, en disciples missionnaires engag\u00e9s dans une mission de compassion \u00e0 l\u2019\u00e9gard du monde, une mission \u00e0 laquelle chacun est invit\u00e9\u00bb,\u00a0<\/em>conclut-il.<\/p>\n\n\n\n<figure class=\"wp-block-embed is-type-video is-provider-youtube wp-block-embed-youtube wp-embed-aspect-16-9 wp-has-aspect-ratio\"><div class=\"wp-block-embed__wrapper\">\n<iframe title=\"POUR GRANDIR DANS LA COMPASSION \u00c0 L\u2019\u00c9GARD DU MONDE \u2013 La Vid\u00e9o du Pape \u2013 Juin 2025\" width=\"800\" height=\"450\" src=\"https:\/\/www.youtube.com\/embed\/R0spke6JtXQ?feature=oembed\" frameborder=\"0\" allow=\"accelerometer; autoplay; clipboard-write; encrypted-media; gyroscope; picture-in-picture; web-share\" referrerpolicy=\"strict-origin-when-cross-origin\" allowfullscreen><\/iframe>\n<\/div><\/figure>\n\n\n\n<p>Source : <a href=\"https:\/\/www.vaticannews.va\/fr\/pape\/news\/2025-06\/compassion-priere-pape-leon-reseau-mondiale-monde.html\">https:\/\/www.vaticannews.va\/fr\/pape\/news\/2025-06\/compassion-priere-pape-leon-reseau-mondiale-monde.html<\/a><\/p>\n","protected":false},"excerpt":{"rendered":"<p>Pour le mois de juin, le Saint-P\u00e8re propose \u00e0 l\u2019\u00c9glise universelle de prier \u00abpour que chacun d\u2019entre nous trouve la consolation dans une relation personnelle avec J\u00e9sus, et apprenne de son C\u0153ur la compassion \u00e0 l\u2019\u00e9gard du monde\u00bb. Vatican News \u00abApprenons du c\u0153ur de J\u00e9sus la compassion \u00e0 l\u2019\u00e9gard du monde\u00bb. C\u2019est le souhait formul\u00e9 [&hellip;]<\/p>\n","protected":false},"author":1,"featured_media":4204,"comment_status":"open","ping_status":"open","sticky":false,"template":"","format":"standard","meta":{"footnotes":""},"categories":[40,43,57],"tags":[10],"class_list":["post-5238","post","type-post","status-publish","format-standard","has-post-thumbnail","hentry","category-eglise","category-justice-paix-et-integrite-de-la-creation","category-pape-leon-xiv","tag-oblates-de-lassomption"],"_links":{"self":[{"href":"https:\/\/oblatesassomption.com\/index.php\/wp-json\/wp\/v2\/posts\/5238","targetHints":{"allow":["GET"]}}],"collection":[{"href":"https:\/\/oblatesassomption.com\/index.php\/wp-json\/wp\/v2\/posts"}],"about":[{"href":"https:\/\/oblatesassomption.com\/index.php\/wp-json\/wp\/v2\/types\/post"}],"author":[{"embeddable":true,"href":"https:\/\/oblatesassomption.com\/index.php\/wp-json\/wp\/v2\/users\/1"}],"replies":[{"embeddable":true,"href":"https:\/\/oblatesassomption.com\/index.php\/wp-json\/wp\/v2\/comments?post=5238"}],"version-history":[{"count":3,"href":"https:\/\/oblatesassomption.com\/index.php\/wp-json\/wp\/v2\/posts\/5238\/revisions"}],"predecessor-version":[{"id":5241,"href":"https:\/\/oblatesassomption.com\/index.php\/wp-json\/wp\/v2\/posts\/5238\/revisions\/5241"}],"wp:featuredmedia":[{"embeddable":true,"href":"https:\/\/oblatesassomption.com\/index.php\/wp-json\/wp\/v2\/media\/4204"}],"wp:attachment":[{"href":"https:\/\/oblatesassomption.com\/index.php\/wp-json\/wp\/v2\/media?parent=5238"}],"wp:term":[{"taxonomy":"category","embeddable":true,"href":"https:\/\/oblatesassomption.com\/index.php\/wp-json\/wp\/v2\/categories?post=5238"},{"taxonomy":"post_tag","embeddable":true,"href":"https:\/\/oblatesassomption.com\/index.php\/wp-json\/wp\/v2\/tags?post=5238"}],"curies":[{"name":"wp","href":"https:\/\/api.w.org\/{rel}","templated":true}]}}