{"id":5181,"date":"2025-05-08T23:05:16","date_gmt":"2025-05-08T21:05:16","guid":{"rendered":"https:\/\/oblatesassomption.com\/?p=5181"},"modified":"2025-05-08T23:09:53","modified_gmt":"2025-05-08T21:09:53","slug":"leon-xiv-est-le-nouveau-pape","status":"publish","type":"post","link":"https:\/\/oblatesassomption.com\/index.php\/2025\/05\/08\/leon-xiv-est-le-nouveau-pape\/","title":{"rendered":"L\u00e9on XIV est le nouveau Pape"},"content":{"rendered":"\n<p>Le conclave a \u00e9lu le 267e \u00e9v\u00eaque de Rome, le cardinal Robert Francis Prevost. L\u2019annonce a \u00e9t\u00e9 faite \u00e0 la foule par le cardinal protodiacre Dominique Mamberti ce jeudi 8 mai.<\/p>\n\n\n\n<p><strong>Vatican News&nbsp;<\/strong><\/p>\n\n\n\n<p><em>\u00abAnnuntio vobis gaudium magnum: habemus Papam!\u00bb &#8211;<\/em>&nbsp;\u00ab<em>Je vous annonce une grande joie: nous avons un Pape!<\/em>\u00bb Il y a quelques instants, depuis la loggia centrale de la Basilique Saint-Pierre, le cardinal protodiacre Dominique Mamberti a prononc\u00e9 la c\u00e9l\u00e8bre formule latine, annon\u00e7ant \u00e0 Rome et au monde le nom du nouveau Successeur de Pierre:<\/p>\n\n\n\n<p><strong>\u00abEminentissimum ac Reverendissimum Dominum, Dominum Robertum Franciscum, Sanct\u00e6 Roman\u00e6 Ecclesi\u00e6 Cardinalem Prevost, qui sibi nomen imposuit Leonem XIV.\u00bb<\/strong><\/p>\n\n\n\n<p>Voici la traduction en fran\u00e7ais:<\/p>\n\n\n\n<p><strong>\u00abLe tr\u00e8s \u00e9minent et r\u00e9v\u00e9rend seigneur, Monseigneur Robert Francis, cardinal de la Sainte \u00c9glise Romaine, Prevost, qui s\u2019est donn\u00e9 le nom de L\u00e9on XIV.\u00bb<\/strong><\/p>\n\n\n\n<p>Source : <a href=\"https:\/\/www.vaticannews.va\/fr\/pape\/news\/2025-05\/habemus-papam-nouveau-pape-fumee-blanche.html\">https:\/\/www.vaticannews.va\/fr\/pape\/news\/2025-05\/habemus-papam-nouveau-pape-fumee-blanche.html<\/a><\/p>\n\n\n\n<p><\/p>\n","protected":false},"excerpt":{"rendered":"<p>Le conclave a \u00e9lu le 267e \u00e9v\u00eaque de Rome, le cardinal Robert Francis Prevost. L\u2019annonce a \u00e9t\u00e9 faite \u00e0 la foule par le cardinal protodiacre Dominique Mamberti ce jeudi 8 mai. Vatican News&nbsp; \u00abAnnuntio vobis gaudium magnum: habemus Papam!\u00bb &#8211;&nbsp;\u00abJe vous annonce une grande joie: nous avons un Pape!\u00bb Il y a quelques instants, depuis [&hellip;]<\/p>\n","protected":false},"author":1,"featured_media":5188,"comment_status":"open","ping_status":"open","sticky":false,"template":"","format":"standard","meta":{"footnotes":""},"categories":[40],"tags":[10],"class_list":["post-5181","post","type-post","status-publish","format-standard","has-post-thumbnail","hentry","category-eglise","tag-oblates-de-lassomption"],"_links":{"self":[{"href":"https:\/\/oblatesassomption.com\/index.php\/wp-json\/wp\/v2\/posts\/5181","targetHints":{"allow":["GET"]}}],"collection":[{"href":"https:\/\/oblatesassomption.com\/index.php\/wp-json\/wp\/v2\/posts"}],"about":[{"href":"https:\/\/oblatesassomption.com\/index.php\/wp-json\/wp\/v2\/types\/post"}],"author":[{"embeddable":true,"href":"https:\/\/oblatesassomption.com\/index.php\/wp-json\/wp\/v2\/users\/1"}],"replies":[{"embeddable":true,"href":"https:\/\/oblatesassomption.com\/index.php\/wp-json\/wp\/v2\/comments?post=5181"}],"version-history":[{"count":1,"href":"https:\/\/oblatesassomption.com\/index.php\/wp-json\/wp\/v2\/posts\/5181\/revisions"}],"predecessor-version":[{"id":5183,"href":"https:\/\/oblatesassomption.com\/index.php\/wp-json\/wp\/v2\/posts\/5181\/revisions\/5183"}],"wp:featuredmedia":[{"embeddable":true,"href":"https:\/\/oblatesassomption.com\/index.php\/wp-json\/wp\/v2\/media\/5188"}],"wp:attachment":[{"href":"https:\/\/oblatesassomption.com\/index.php\/wp-json\/wp\/v2\/media?parent=5181"}],"wp:term":[{"taxonomy":"category","embeddable":true,"href":"https:\/\/oblatesassomption.com\/index.php\/wp-json\/wp\/v2\/categories?post=5181"},{"taxonomy":"post_tag","embeddable":true,"href":"https:\/\/oblatesassomption.com\/index.php\/wp-json\/wp\/v2\/tags?post=5181"}],"curies":[{"name":"wp","href":"https:\/\/api.w.org\/{rel}","templated":true}]}}