{"id":5114,"date":"2025-04-10T23:18:42","date_gmt":"2025-04-10T21:18:42","guid":{"rendered":"https:\/\/oblatesassomption.com\/?p=5114"},"modified":"2025-04-10T23:18:42","modified_gmt":"2025-04-10T21:18:42","slug":"occupation-du-coeur-conversion","status":"publish","type":"post","link":"https:\/\/oblatesassomption.com\/index.php\/2025\/04\/10\/occupation-du-coeur-conversion\/","title":{"rendered":"Occupation du c\u0153ur &#8211; Conversion"},"content":{"rendered":"\n<p>La journ\u00e9e de retraite, en ce car\u00eame 2025, pour les Cat\u00e9chistes, les pr\u00e9pare \u00e0 \u00eatre assistantes d\u2019enseignement. Elle est organis\u00e9e par les s\u0153urs Oblates de l\u2019Assomption. (<a href=\"https:\/\/www.facebook.com\/OblatesAssomptionVN?__cft__[0]=AZX5_BGb52pac8qhgoCaBaGLWWq_ikYAgd7ZVdarpL-f5FpaK0eRCuifjxRaKmZhuuy0_yRYdgLepdDtefun9UFe4bEU5__hqW17W5WmCwZNXhnpT_IDounAxzdfq1_PAh0Wu4HDMlEbtu3eYlpng-Wr&amp;__tn__=-]K-R\">D\u00f2ng T\u1eadn Hi\u1ebfn \u0110\u1ee9c M\u1eb9 L\u00ean Tr\u1eddi &#8211; OA<\/a>)<\/p>\n\n\n\n<p>Dans le climat priant de ce temps de car\u00eame, c\u2019est le moment de se convertir et de faire p\u00e9nitence. Le programme de la retraite a pour sujet \u00ab occupation du c\u0153ur &#8211; conversion \u00bb. Il nous invite \u00e0 entrer dans un parcours au fond de notre c\u0153ur, pour reconna\u00eetre nos pr\u00e9occupations et retrouver la paix v\u00e9ritable dans le Seigneur.<\/p>\n\n\n\n<p>Avec le message de l\u2019Ann\u00e9e Sainte 2025 du pape Fran\u00e7ois \u00ab p\u00e8lerins de l\u2019esp\u00e9rance \u00bb, la retraite est le moment privil\u00e9gi\u00e9 pour que chacune puisse retrouver sa tranquillit\u00e9 en pr\u00e9sence du Seigneur, le moment de d\u00e9pouillement des pr\u00e9occupations dans nos c\u0153urs et l\u2019invitation \u00e0 \u00eatre courageux pour se convertir et renouveler nos c\u0153urs.<\/p>\n\n\n\n<p>Espaces de pri\u00e8re profonde, coins de conversion remplis de significations et de cr\u00e9ativit\u00e9s, avec comme guide ardent, silencieux la spiritualit\u00e9 profonde des s\u0153urs Oblates de l\u2019Assomption\u2013 chaque retraitante a senti la lumi\u00e8re et touch\u00e9 la mis\u00e9ricorde.<\/p>\n\n\n\n<p>Nous remercions chaque s\u0153ur. Elles n\u2019organisent pas seulement cette retraite mais elles nous accompagnent, nous aident sur le chemin de p\u00e8lerin de la foi, avec l\u2019offrande de se donner et l\u2019amour de la mission.<\/p>\n\n\n\n<p><img decoding=\"async\" height=\"16\" width=\"16\" src=\"https:\/\/static.xx.fbcdn.net\/images\/emoji.php\/v9\/t80\/1\/16\/1f64f.png\" alt=\"\ud83d\ude4f\"> Seigneur, apprends- moi \u00e0 \u00eatre courageux pour oublier les pr\u00e9occupations de mon c\u0153ur, afin que je puisse me tourner vers Toi. Tu es le seul qui peut me gu\u00e9rir et me convertir.<\/p>\n\n\n\n<p class=\"has-text-align-right\">Les jeunes de la paroisse \u00e0 Saigon (Texte traduit par Sr Mien et Sr Christophe)<\/p>\n\n\n\n<figure class=\"wp-block-gallery has-nested-images columns-default is-cropped wp-block-gallery-1 is-layout-flex wp-block-gallery-is-layout-flex\">\n<figure class=\"wp-block-image size-large\"><img fetchpriority=\"high\" decoding=\"async\" width=\"1024\" height=\"487\" data-id=\"5116\" src=\"https:\/\/oblatesassomption.com\/wp-content\/uploads\/2025\/04\/IMG_6124-1024x487.jpg\" alt=\"\" class=\"wp-image-5116\" srcset=\"https:\/\/oblatesassomption.com\/wp-content\/uploads\/2025\/04\/IMG_6124-1024x487.jpg 1024w, https:\/\/oblatesassomption.com\/wp-content\/uploads\/2025\/04\/IMG_6124-300x143.jpg 300w, https:\/\/oblatesassomption.com\/wp-content\/uploads\/2025\/04\/IMG_6124-768x366.jpg 768w, https:\/\/oblatesassomption.com\/wp-content\/uploads\/2025\/04\/IMG_6124.jpg 1500w\" sizes=\"(max-width: 1024px) 100vw, 1024px\" \/><\/figure>\n<\/figure>\n","protected":false},"excerpt":{"rendered":"<p>La journ\u00e9e de retraite, en ce car\u00eame 2025, pour les Cat\u00e9chistes, les pr\u00e9pare \u00e0 \u00eatre assistantes d\u2019enseignement. Elle est organis\u00e9e par les s\u0153urs Oblates de l\u2019Assomption. (D\u00f2ng T\u1eadn Hi\u1ebfn \u0110\u1ee9c M\u1eb9 L\u00ean Tr\u1eddi &#8211; OA) Dans le climat priant de ce temps de car\u00eame, c\u2019est le moment de se convertir et de faire p\u00e9nitence. Le [&hellip;]<\/p>\n","protected":false},"author":1,"featured_media":5115,"comment_status":"open","ping_status":"open","sticky":false,"template":"","format":"standard","meta":{"footnotes":""},"categories":[51,50,38],"tags":[10],"class_list":["post-5114","post","type-post","status-publish","format-standard","has-post-thumbnail","hentry","category-careme","category-jubile-esperance","category-mission","tag-oblates-de-lassomption"],"_links":{"self":[{"href":"https:\/\/oblatesassomption.com\/index.php\/wp-json\/wp\/v2\/posts\/5114","targetHints":{"allow":["GET"]}}],"collection":[{"href":"https:\/\/oblatesassomption.com\/index.php\/wp-json\/wp\/v2\/posts"}],"about":[{"href":"https:\/\/oblatesassomption.com\/index.php\/wp-json\/wp\/v2\/types\/post"}],"author":[{"embeddable":true,"href":"https:\/\/oblatesassomption.com\/index.php\/wp-json\/wp\/v2\/users\/1"}],"replies":[{"embeddable":true,"href":"https:\/\/oblatesassomption.com\/index.php\/wp-json\/wp\/v2\/comments?post=5114"}],"version-history":[{"count":1,"href":"https:\/\/oblatesassomption.com\/index.php\/wp-json\/wp\/v2\/posts\/5114\/revisions"}],"predecessor-version":[{"id":5117,"href":"https:\/\/oblatesassomption.com\/index.php\/wp-json\/wp\/v2\/posts\/5114\/revisions\/5117"}],"wp:featuredmedia":[{"embeddable":true,"href":"https:\/\/oblatesassomption.com\/index.php\/wp-json\/wp\/v2\/media\/5115"}],"wp:attachment":[{"href":"https:\/\/oblatesassomption.com\/index.php\/wp-json\/wp\/v2\/media?parent=5114"}],"wp:term":[{"taxonomy":"category","embeddable":true,"href":"https:\/\/oblatesassomption.com\/index.php\/wp-json\/wp\/v2\/categories?post=5114"},{"taxonomy":"post_tag","embeddable":true,"href":"https:\/\/oblatesassomption.com\/index.php\/wp-json\/wp\/v2\/tags?post=5114"}],"curies":[{"name":"wp","href":"https:\/\/api.w.org\/{rel}","templated":true}]}}