{"id":5111,"date":"2025-04-10T22:53:31","date_gmt":"2025-04-10T20:53:31","guid":{"rendered":"https:\/\/oblatesassomption.com\/?p=5111"},"modified":"2025-04-10T22:53:31","modified_gmt":"2025-04-10T20:53:31","slug":"nouvelle-parution-soeur-renee-guido-poppa-1907-1992-medecin-et-martyre-au-rwanda-jean-francois-petit-lharmattan","status":"publish","type":"post","link":"https:\/\/oblatesassomption.com\/index.php\/2025\/04\/10\/nouvelle-parution-soeur-renee-guido-poppa-1907-1992-medecin-et-martyre-au-rwanda-jean-francois-petit-lharmattan\/","title":{"rendered":"Nouvelle parution : S\u0153ur Ren\u00e9e-Guido Poppa (1907-1992) M\u00e9decin et martyre au Rwanda, Jean-Fran\u00e7ois Petit, L\u2019Harmattan"},"content":{"rendered":"\n<p><em>\u00ab&nbsp;Il y a trente ans se produisait l&rsquo;une des plus effroyables trag\u00e9dies du 20e si\u00e8cle&nbsp;: le g\u00e9nocide des Tutsis au Rwanda de 1994. Le temps du deuil a fait place progressivement \u00e0 celui de la compr\u00e9hension, du pardon et de la pr\u00e9vention. Celui-ci \u00e9tait-il \u00e9vitable&nbsp;? Le g\u00e9nocide n&rsquo;a pas \u00e9pargn\u00e9 l\u2019\u00c9glise catholique. Avant le drame, Ren\u00e9e-Guido Poppa, une soeur Oblate de l&rsquo;Assomption, avait largement tent\u00e9 d&rsquo;alerter l&rsquo;opinion publique. Elle l&rsquo;aura pay\u00e9 du prix de sa vie en 1992. M\u00e9decin de formation, son travail aupr\u00e8s des populations civiles en Roumanie, au Congo et en Ha\u00efti \u00e9tait salu\u00e9 de tous.&nbsp;\u00bb<\/em> (4<sup>\u00e8me<\/sup> de couverture)<\/p>\n\n\n\n<p>Cet ouvrage retrace l\u2019\u00e9pop\u00e9e missionnaire de cette grande figure de la Vie religieuse. D\u2019abord, son exercice de la m\u00e9decine en Roumanie, et comment elle dut \u00eatre exfiltr\u00e9e en France, en 1948. Puis, ses 30 ann\u00e9es de d\u00e9vouement \u00e0 l\u2019h\u00f4pital de Musienene (Congo). Ensuite, ses 2 ann\u00e9es dans un bidonville de Ha\u00efti et enfin, son martyre au Rwanda, dans la nuit du 25 au 26 f\u00e9vrier 1992.<\/p>\n\n\n\n<p>Jean-Fran\u00e7ois Petit, Assomptionniste, philosophe et th\u00e9ologien, auteur de nombreux ouvrages, nous livre un r\u00e9cit passionnant, appuy\u00e9 sur de nombreux t\u00e9moignages et accompagn\u00e9 de r\u00e9flexions philosophiques et historiques.<\/p>\n\n\n\n<p>Livre papier&nbsp;: 13 \u20ac&nbsp;; livre num\u00e9rique&nbsp;: 9,99 \u20ac &#8211; disponible en librairie ou en ligne.<\/p>\n\n\n\n<figure class=\"wp-block-gallery has-nested-images columns-default is-cropped wp-block-gallery-1 is-layout-flex wp-block-gallery-is-layout-flex\">\n<figure class=\"wp-block-image size-large\"><img decoding=\"async\" data-id=\"5112\" src=\"https:\/\/oblatesassomption.com\/wp-content\/uploads\/2025\/04\/Sr-Renee-Guido-Poppa-643x1024.jpg\" alt=\"\" class=\"wp-image-5112\"\/><\/figure>\n<\/figure>\n\n\n\n<p><\/p>\n","protected":false},"excerpt":{"rendered":"<p>\u00ab&nbsp;Il y a trente ans se produisait l&rsquo;une des plus effroyables trag\u00e9dies du 20e si\u00e8cle&nbsp;: le g\u00e9nocide des Tutsis au Rwanda de 1994. Le temps du deuil a fait place progressivement \u00e0 celui de la compr\u00e9hension, du pardon et de la pr\u00e9vention. Celui-ci \u00e9tait-il \u00e9vitable&nbsp;? Le g\u00e9nocide n&rsquo;a pas \u00e9pargn\u00e9 l\u2019\u00c9glise catholique. Avant le drame, [&hellip;]<\/p>\n","protected":false},"author":1,"featured_media":5112,"comment_status":"open","ping_status":"open","sticky":false,"template":"","format":"standard","meta":{"footnotes":""},"categories":[19,38,53],"tags":[10],"class_list":["post-5111","post","type-post","status-publish","format-standard","has-post-thumbnail","hentry","category-assomptionnistes","category-mission","category-temoignage-de-vie","tag-oblates-de-lassomption"],"_links":{"self":[{"href":"https:\/\/oblatesassomption.com\/index.php\/wp-json\/wp\/v2\/posts\/5111","targetHints":{"allow":["GET"]}}],"collection":[{"href":"https:\/\/oblatesassomption.com\/index.php\/wp-json\/wp\/v2\/posts"}],"about":[{"href":"https:\/\/oblatesassomption.com\/index.php\/wp-json\/wp\/v2\/types\/post"}],"author":[{"embeddable":true,"href":"https:\/\/oblatesassomption.com\/index.php\/wp-json\/wp\/v2\/users\/1"}],"replies":[{"embeddable":true,"href":"https:\/\/oblatesassomption.com\/index.php\/wp-json\/wp\/v2\/comments?post=5111"}],"version-history":[{"count":1,"href":"https:\/\/oblatesassomption.com\/index.php\/wp-json\/wp\/v2\/posts\/5111\/revisions"}],"predecessor-version":[{"id":5113,"href":"https:\/\/oblatesassomption.com\/index.php\/wp-json\/wp\/v2\/posts\/5111\/revisions\/5113"}],"wp:featuredmedia":[{"embeddable":true,"href":"https:\/\/oblatesassomption.com\/index.php\/wp-json\/wp\/v2\/media\/5112"}],"wp:attachment":[{"href":"https:\/\/oblatesassomption.com\/index.php\/wp-json\/wp\/v2\/media?parent=5111"}],"wp:term":[{"taxonomy":"category","embeddable":true,"href":"https:\/\/oblatesassomption.com\/index.php\/wp-json\/wp\/v2\/categories?post=5111"},{"taxonomy":"post_tag","embeddable":true,"href":"https:\/\/oblatesassomption.com\/index.php\/wp-json\/wp\/v2\/tags?post=5111"}],"curies":[{"name":"wp","href":"https:\/\/api.w.org\/{rel}","templated":true}]}}