{"id":5053,"date":"2025-03-21T22:29:00","date_gmt":"2025-03-21T21:29:00","guid":{"rendered":"https:\/\/oblatesassomption.com\/?p=5053"},"modified":"2025-03-21T22:29:00","modified_gmt":"2025-03-21T21:29:00","slug":"le-foyer-mambre-lille","status":"publish","type":"post","link":"https:\/\/oblatesassomption.com\/index.php\/2025\/03\/21\/le-foyer-mambre-lille\/","title":{"rendered":"\u00ab\u00a0Le foyer Mambr\u00e9\u00a0\u00bb &#8211; Lille"},"content":{"rendered":"\n<p>Les S\u0153urs Oblates de l\u2019Assomption de Lille partagent la vie fraternelle en communaut\u00e9 et offrent le service d\u2019un foyer pour jeunes \u00e9tudiantes \u00ab&nbsp;le foyer Mambr\u00e9&nbsp;\u00bb.<\/p>\n\n\n\n<p>La communaut\u00e9 est un lieu d\u2019accueil et de partage, o\u00f9 les jeunes filles, \u00e9tudiantes ou professionnelles peuvent faire une exp\u00e9rience de vie fraternelle joyeuse dans un esprit de famille. Elles jouissent d\u2019un environnement chr\u00e9tien pour approfondir leur foi. Chaque jeune collabore \u00e0 la vie en participant \u00e0 quelques services dans un sens de responsabilit\u00e9 tout en privil\u00e9giant les temps d\u2019\u00e9tudes.<\/p>\n\n\n\n<p>Situ\u00e9e \u00e0 proximit\u00e9 de plusieurs universit\u00e9s et \u00e9coles sup\u00e9rieures \u00e0 Lille, la maison, avec ses quelques chambres individuelles, est un cadre id\u00e9al pour l\u2019organisation personnelle et la rencontre amicale avec les autres \u00e9tudiants.<\/p>\n\n\n\n<p>Etant limit\u00e9es par la capacit\u00e9 d\u2019accueil, (5 chambres pour l\u2019ann\u00e9e) nous accueillons les demandes pour le foyer de F\u00e9vrier \u00e0 Mai.<\/p>\n\n\n\n<p>Pour plus d\u2019informations concernant les disponibilit\u00e9s, le r\u00e8glement et l\u2019inscription au foyer &#8211; \u00e9tudiantes, merci d\u2019envoyer un mail \u00e0 l\u2019adresse suivante : <a href=\"mailto:oblates.lille@free.fr\">oblates.lille@free.fr<\/a>.<\/p>\n\n\n\n<p class=\"has-text-align-right\">Communaut\u00e9 de Lille \u2013 Mambr\u00e9<\/p>\n\n\n\n<figure class=\"wp-block-gallery has-nested-images columns-default is-cropped wp-block-gallery-1 is-layout-flex wp-block-gallery-is-layout-flex\">\n<figure class=\"wp-block-image size-large\"><img fetchpriority=\"high\" decoding=\"async\" width=\"1024\" height=\"1024\" data-id=\"5055\" src=\"https:\/\/oblatesassomption.com\/wp-content\/uploads\/2025\/03\/1-1024x1024.png\" alt=\"\" class=\"wp-image-5055\" srcset=\"https:\/\/oblatesassomption.com\/wp-content\/uploads\/2025\/03\/1-1024x1024.png 1024w, https:\/\/oblatesassomption.com\/wp-content\/uploads\/2025\/03\/1-300x300.png 300w, https:\/\/oblatesassomption.com\/wp-content\/uploads\/2025\/03\/1-150x150.png 150w, https:\/\/oblatesassomption.com\/wp-content\/uploads\/2025\/03\/1-768x768.png 768w, https:\/\/oblatesassomption.com\/wp-content\/uploads\/2025\/03\/1.png 1080w\" sizes=\"(max-width: 1024px) 100vw, 1024px\" \/><\/figure>\n\n\n\n<figure class=\"wp-block-image size-large\"><img decoding=\"async\" width=\"768\" height=\"1024\" data-id=\"5057\" src=\"https:\/\/oblatesassomption.com\/wp-content\/uploads\/2025\/03\/IMG-20241125-WA0018-768x1024.jpg\" alt=\"\" class=\"wp-image-5057\" srcset=\"https:\/\/oblatesassomption.com\/wp-content\/uploads\/2025\/03\/IMG-20241125-WA0018-768x1024.jpg 768w, https:\/\/oblatesassomption.com\/wp-content\/uploads\/2025\/03\/IMG-20241125-WA0018-225x300.jpg 225w, https:\/\/oblatesassomption.com\/wp-content\/uploads\/2025\/03\/IMG-20241125-WA0018-1152x1536.jpg 1152w, https:\/\/oblatesassomption.com\/wp-content\/uploads\/2025\/03\/IMG-20241125-WA0018.jpg 1530w\" sizes=\"(max-width: 768px) 100vw, 768px\" \/><\/figure>\n\n\n\n<figure class=\"wp-block-image size-large\"><img decoding=\"async\" width=\"1024\" height=\"768\" data-id=\"5058\" src=\"https:\/\/oblatesassomption.com\/wp-content\/uploads\/2025\/03\/IMG-20241125-WA0013-1024x768.jpg\" alt=\"\" class=\"wp-image-5058\" srcset=\"https:\/\/oblatesassomption.com\/wp-content\/uploads\/2025\/03\/IMG-20241125-WA0013-1024x768.jpg 1024w, https:\/\/oblatesassomption.com\/wp-content\/uploads\/2025\/03\/IMG-20241125-WA0013-300x225.jpg 300w, https:\/\/oblatesassomption.com\/wp-content\/uploads\/2025\/03\/IMG-20241125-WA0013-768x576.jpg 768w, https:\/\/oblatesassomption.com\/wp-content\/uploads\/2025\/03\/IMG-20241125-WA0013-1536x1152.jpg 1536w, https:\/\/oblatesassomption.com\/wp-content\/uploads\/2025\/03\/IMG-20241125-WA0013.jpg 1600w\" sizes=\"(max-width: 1024px) 100vw, 1024px\" \/><\/figure>\n<\/figure>\n\n\n\n<figure class=\"wp-block-gallery has-nested-images columns-default is-cropped wp-block-gallery-2 is-layout-flex wp-block-gallery-is-layout-flex\">\n<figure class=\"wp-block-image size-large\"><img loading=\"lazy\" decoding=\"async\" width=\"1024\" height=\"768\" data-id=\"5054\" src=\"https:\/\/oblatesassomption.com\/wp-content\/uploads\/2025\/03\/IMG_5960-1024x768.jpg\" alt=\"\" class=\"wp-image-5054\" srcset=\"https:\/\/oblatesassomption.com\/wp-content\/uploads\/2025\/03\/IMG_5960-1024x768.jpg 1024w, https:\/\/oblatesassomption.com\/wp-content\/uploads\/2025\/03\/IMG_5960-300x225.jpg 300w, https:\/\/oblatesassomption.com\/wp-content\/uploads\/2025\/03\/IMG_5960-768x576.jpg 768w, https:\/\/oblatesassomption.com\/wp-content\/uploads\/2025\/03\/IMG_5960.jpg 1200w\" sizes=\"(max-width: 1024px) 100vw, 1024px\" \/><\/figure>\n<\/figure>\n","protected":false},"excerpt":{"rendered":"<p>Les S\u0153urs Oblates de l\u2019Assomption de Lille partagent la vie fraternelle en communaut\u00e9 et offrent le service d\u2019un foyer pour jeunes \u00e9tudiantes \u00ab&nbsp;le foyer Mambr\u00e9&nbsp;\u00bb. La communaut\u00e9 est un lieu d\u2019accueil et de partage, o\u00f9 les jeunes filles, \u00e9tudiantes ou professionnelles peuvent faire une exp\u00e9rience de vie fraternelle joyeuse dans un esprit de famille. Elles [&hellip;]<\/p>\n","protected":false},"author":1,"featured_media":5056,"comment_status":"open","ping_status":"open","sticky":false,"template":"","format":"standard","meta":{"footnotes":""},"categories":[48,47],"tags":[10],"class_list":["post-5053","post","type-post","status-publish","format-standard","has-post-thumbnail","hentry","category-foyer-chretien","category-pastorale-des-jeunes","tag-oblates-de-lassomption"],"_links":{"self":[{"href":"https:\/\/oblatesassomption.com\/index.php\/wp-json\/wp\/v2\/posts\/5053","targetHints":{"allow":["GET"]}}],"collection":[{"href":"https:\/\/oblatesassomption.com\/index.php\/wp-json\/wp\/v2\/posts"}],"about":[{"href":"https:\/\/oblatesassomption.com\/index.php\/wp-json\/wp\/v2\/types\/post"}],"author":[{"embeddable":true,"href":"https:\/\/oblatesassomption.com\/index.php\/wp-json\/wp\/v2\/users\/1"}],"replies":[{"embeddable":true,"href":"https:\/\/oblatesassomption.com\/index.php\/wp-json\/wp\/v2\/comments?post=5053"}],"version-history":[{"count":1,"href":"https:\/\/oblatesassomption.com\/index.php\/wp-json\/wp\/v2\/posts\/5053\/revisions"}],"predecessor-version":[{"id":5059,"href":"https:\/\/oblatesassomption.com\/index.php\/wp-json\/wp\/v2\/posts\/5053\/revisions\/5059"}],"wp:featuredmedia":[{"embeddable":true,"href":"https:\/\/oblatesassomption.com\/index.php\/wp-json\/wp\/v2\/media\/5056"}],"wp:attachment":[{"href":"https:\/\/oblatesassomption.com\/index.php\/wp-json\/wp\/v2\/media?parent=5053"}],"wp:term":[{"taxonomy":"category","embeddable":true,"href":"https:\/\/oblatesassomption.com\/index.php\/wp-json\/wp\/v2\/categories?post=5053"},{"taxonomy":"post_tag","embeddable":true,"href":"https:\/\/oblatesassomption.com\/index.php\/wp-json\/wp\/v2\/tags?post=5053"}],"curies":[{"name":"wp","href":"https:\/\/api.w.org\/{rel}","templated":true}]}}