{"id":5007,"date":"2025-03-05T17:25:47","date_gmt":"2025-03-05T16:25:47","guid":{"rendered":"https:\/\/oblatesassomption.com\/?p=5007"},"modified":"2025-03-05T17:27:29","modified_gmt":"2025-03-05T16:27:29","slug":"seigneur-faites-de-moi-un-instrument-de-votre-paix-session-tet-assomption-2025-a-saint-lambert-des-bois","status":"publish","type":"post","link":"https:\/\/oblatesassomption.com\/index.php\/2025\/03\/05\/seigneur-faites-de-moi-un-instrument-de-votre-paix-session-tet-assomption-2025-a-saint-lambert-des-bois\/","title":{"rendered":"\u00ab\u00a0Seigneur, faites de moi un instrument de votre paix.\u00a0\u00bb SESSION TET \u2013 ASSOMPTION 2025 \u00e0 Saint Lambert-des-Bois"},"content":{"rendered":"\n<p>Du vendredi 28\/2 au dimanche 2\/3\/2025, les fr\u00e8res et s\u0153urs vietnamiens de la Famille de l\u2019Assomption, en formation ou\/et en mission en Europe, se sont r\u00e9unis \u00e0 Saint Lambert-des-Bois pour vivre ensemble la session TET-ASSOMPTION 2025 sur le th\u00e8me \u00ab&nbsp; La Culture de la Paix&nbsp;\u00bb, pr\u00e9sent\u00e9 par Sr Marie-Paulette ALAUX, Sup\u00e9rieure Provinciale d\u2019Europe des Oblates de l\u2019Assomption. Ses enseignements nous ont rappel\u00e9 que la paix est essentiellement le respect de la vie et de la diff\u00e9rence, le bien le plus pr\u00e9cieux de l\u2019humanit\u00e9. La paix est une adh\u00e9sion profonde de l&rsquo;\u00eatre humain aux principes de libert\u00e9, de justice, d&rsquo;\u00e9galit\u00e9 et de solidarit\u00e9 entre tous les \u00eatres humains. Et elle est \u00e0 notre port\u00e9e, elle est \u00e0 construire dans nos communaut\u00e9s respectives. Vivre la culture de la paix est un appel urgent pour notre g\u00e9n\u00e9ration au vu de toutes sortes de violences qui sont autour de nous et \u00e0 l\u2019int\u00e9rieur de chacun(e) de nous.<\/p>\n\n\n\n<p>Depuis de nombreuses ann\u00e9es, la session TET-ASSOMPTION est devenue un rendez-vous annuel important pour les fr\u00e8res et s\u0153urs vietnamiens de la famille de l\u2019Assomption. Elle est toujours bien riche et int\u00e9ressante avec beaucoup de temps forts. A travers nos activit\u00e9s programm\u00e9es, nous partageons ensemble une tr\u00e8s grande fraternit\u00e9 entre nous, en Assomption, avec nos amis et nos bienfaiteurs qui aident les nouveaux fr\u00e8res et s\u0153urs \u00e0 s\u2019int\u00e9grer \u00e0 la mission en Europe. Ce temps de retrouvailles est aussi une occasion pour nous de nous ressourcer \u00e0 la culture vietnamienne en partageant la joie du Nouvel An Asiatique, le TET pour les Vietnamiens (ann\u00e9e du Serpent) qui a beaucoup de sens pour nous, surtout pour ceux vivant \u00e0 l\u2019\u00e9tranger depuis un certain temps pour la mission \u00e0 long terme. Nous prions pour notre famille, notre pays, pour le pays qui nous accueille en mission et pour la nouvelle ann\u00e9e 2025. Nous confions au Seigneur la mission de nos congr\u00e9gations et de chacun(e) de nous.<\/p>\n\n\n\n<p>Tous les ans, nous renouvelons l\u2019\u00e9quipe d\u2019organisation. A tour de r\u00f4le, nous prenons en charge cette responsabilit\u00e9. Nous formons les commissions de service. Chaque fr\u00e8re et s\u0153ur doit jouer son r\u00f4le sans oublier l\u2019esprit d\u2019\u00e9quipe. Nos engagements nous donnent une occasion d\u2019apprendre, d\u2019enrichir nos dons et de grandir \u00e0 travers l\u2019exp\u00e9rience du service, du prendre soin de l\u2019autre.<\/p>\n\n\n\n<p>Merci beaucoup \u00e0 nos diff\u00e9rentes Congr\u00e9gations de la famille de l\u2019Assomption de nous avoir accompagn\u00e9s, soutenus dans l\u2019organisation de cette rencontre annuelle. Merci \u00e0 tous nos amis, nos bienfaiteurs, nos fr\u00e8res et s\u0153urs de l\u2019Assomption venus nombreux \u00e0 notre messe d\u2019action de gr\u00e2ce. Merci beaucoup pour votre fraternit\u00e9 et votre pri\u00e8re. Que le Seigneur vous b\u00e9nisse&nbsp;!<\/p>\n\n\n\n<p>Bonne Ann\u00e9e 2025 \u00e0 toutes et tous&nbsp;!<\/p>\n\n\n\n<p class=\"has-text-align-center\">\u00ab&nbsp;Tu couronnes une ann\u00e9e de bienfaits&nbsp;; <\/p>\n\n\n\n<p class=\"has-text-align-center\">Sur ton passage, ruisselle l\u2019abondance.&nbsp;\u00bb (Ps 64,12)<\/p>\n\n\n\n<p class=\"has-text-align-right\">Srs Vietnamiennes<\/p>\n\n\n\n<figure class=\"wp-block-gallery has-nested-images columns-default is-cropped wp-block-gallery-1 is-layout-flex wp-block-gallery-is-layout-flex\">\n<figure class=\"wp-block-image size-large\"><img fetchpriority=\"high\" decoding=\"async\" width=\"1024\" height=\"683\" data-id=\"5008\" src=\"https:\/\/oblatesassomption.com\/wp-content\/uploads\/2025\/03\/MG_5509-copy-1024x683.jpg\" alt=\"\" class=\"wp-image-5008\" srcset=\"https:\/\/oblatesassomption.com\/wp-content\/uploads\/2025\/03\/MG_5509-copy-1024x683.jpg 1024w, https:\/\/oblatesassomption.com\/wp-content\/uploads\/2025\/03\/MG_5509-copy-300x200.jpg 300w, https:\/\/oblatesassomption.com\/wp-content\/uploads\/2025\/03\/MG_5509-copy-768x512.jpg 768w, https:\/\/oblatesassomption.com\/wp-content\/uploads\/2025\/03\/MG_5509-copy-1536x1024.jpg 1536w, https:\/\/oblatesassomption.com\/wp-content\/uploads\/2025\/03\/MG_5509-copy-2048x1365.jpg 2048w\" sizes=\"(max-width: 1024px) 100vw, 1024px\" \/><\/figure>\n\n\n\n<figure class=\"wp-block-image size-large\"><img decoding=\"async\" width=\"1024\" height=\"683\" data-id=\"5014\" src=\"https:\/\/oblatesassomption.com\/wp-content\/uploads\/2025\/03\/54364429241_aa43d53030_k-1024x683.jpg\" alt=\"\" class=\"wp-image-5014\" srcset=\"https:\/\/oblatesassomption.com\/wp-content\/uploads\/2025\/03\/54364429241_aa43d53030_k-1024x683.jpg 1024w, https:\/\/oblatesassomption.com\/wp-content\/uploads\/2025\/03\/54364429241_aa43d53030_k-300x200.jpg 300w, https:\/\/oblatesassomption.com\/wp-content\/uploads\/2025\/03\/54364429241_aa43d53030_k-768x512.jpg 768w, https:\/\/oblatesassomption.com\/wp-content\/uploads\/2025\/03\/54364429241_aa43d53030_k-1536x1024.jpg 1536w, https:\/\/oblatesassomption.com\/wp-content\/uploads\/2025\/03\/54364429241_aa43d53030_k.jpg 2048w\" sizes=\"(max-width: 1024px) 100vw, 1024px\" \/><\/figure>\n<\/figure>\n\n\n\n<figure class=\"wp-block-gallery has-nested-images columns-default is-cropped wp-block-gallery-2 is-layout-flex wp-block-gallery-is-layout-flex\">\n<figure class=\"wp-block-image size-large\"><img decoding=\"async\" width=\"1024\" height=\"683\" data-id=\"5011\" src=\"https:\/\/oblatesassomption.com\/wp-content\/uploads\/2025\/03\/54364647364_2c58fbf733_o-1024x683.jpg\" alt=\"\" class=\"wp-image-5011\" srcset=\"https:\/\/oblatesassomption.com\/wp-content\/uploads\/2025\/03\/54364647364_2c58fbf733_o-1024x683.jpg 1024w, https:\/\/oblatesassomption.com\/wp-content\/uploads\/2025\/03\/54364647364_2c58fbf733_o-300x200.jpg 300w, https:\/\/oblatesassomption.com\/wp-content\/uploads\/2025\/03\/54364647364_2c58fbf733_o-768x512.jpg 768w, https:\/\/oblatesassomption.com\/wp-content\/uploads\/2025\/03\/54364647364_2c58fbf733_o-1536x1024.jpg 1536w, https:\/\/oblatesassomption.com\/wp-content\/uploads\/2025\/03\/54364647364_2c58fbf733_o-2048x1365.jpg 2048w\" sizes=\"(max-width: 1024px) 100vw, 1024px\" \/><\/figure>\n\n\n\n<figure class=\"wp-block-image size-large\"><img loading=\"lazy\" decoding=\"async\" width=\"1024\" height=\"683\" data-id=\"5016\" src=\"https:\/\/oblatesassomption.com\/wp-content\/uploads\/2025\/03\/54363551777_75a47f1a6b_k-1024x683.jpg\" alt=\"\" class=\"wp-image-5016\" srcset=\"https:\/\/oblatesassomption.com\/wp-content\/uploads\/2025\/03\/54363551777_75a47f1a6b_k-1024x683.jpg 1024w, https:\/\/oblatesassomption.com\/wp-content\/uploads\/2025\/03\/54363551777_75a47f1a6b_k-300x200.jpg 300w, https:\/\/oblatesassomption.com\/wp-content\/uploads\/2025\/03\/54363551777_75a47f1a6b_k-768x512.jpg 768w, https:\/\/oblatesassomption.com\/wp-content\/uploads\/2025\/03\/54363551777_75a47f1a6b_k-1536x1024.jpg 1536w, https:\/\/oblatesassomption.com\/wp-content\/uploads\/2025\/03\/54363551777_75a47f1a6b_k.jpg 2048w\" sizes=\"(max-width: 1024px) 100vw, 1024px\" \/><\/figure>\n<\/figure>\n\n\n\n<figure class=\"wp-block-gallery has-nested-images columns-default is-cropped wp-block-gallery-3 is-layout-flex wp-block-gallery-is-layout-flex\">\n<figure class=\"wp-block-image size-large\"><img loading=\"lazy\" decoding=\"async\" width=\"1024\" height=\"683\" data-id=\"5012\" src=\"https:\/\/oblatesassomption.com\/wp-content\/uploads\/2025\/03\/54364639349_6eb24aa37c_k-1024x683.jpg\" alt=\"\" class=\"wp-image-5012\" srcset=\"https:\/\/oblatesassomption.com\/wp-content\/uploads\/2025\/03\/54364639349_6eb24aa37c_k-1024x683.jpg 1024w, https:\/\/oblatesassomption.com\/wp-content\/uploads\/2025\/03\/54364639349_6eb24aa37c_k-300x200.jpg 300w, https:\/\/oblatesassomption.com\/wp-content\/uploads\/2025\/03\/54364639349_6eb24aa37c_k-768x512.jpg 768w, https:\/\/oblatesassomption.com\/wp-content\/uploads\/2025\/03\/54364639349_6eb24aa37c_k-1536x1024.jpg 1536w, https:\/\/oblatesassomption.com\/wp-content\/uploads\/2025\/03\/54364639349_6eb24aa37c_k.jpg 2048w\" sizes=\"(max-width: 1024px) 100vw, 1024px\" \/><\/figure>\n\n\n\n<figure class=\"wp-block-image size-large\"><img loading=\"lazy\" decoding=\"async\" width=\"1024\" height=\"683\" data-id=\"5013\" src=\"https:\/\/oblatesassomption.com\/wp-content\/uploads\/2025\/03\/54364631204_c5ed352a83_k-1024x683.jpg\" alt=\"\" class=\"wp-image-5013\" srcset=\"https:\/\/oblatesassomption.com\/wp-content\/uploads\/2025\/03\/54364631204_c5ed352a83_k-1024x683.jpg 1024w, https:\/\/oblatesassomption.com\/wp-content\/uploads\/2025\/03\/54364631204_c5ed352a83_k-300x200.jpg 300w, https:\/\/oblatesassomption.com\/wp-content\/uploads\/2025\/03\/54364631204_c5ed352a83_k-768x512.jpg 768w, https:\/\/oblatesassomption.com\/wp-content\/uploads\/2025\/03\/54364631204_c5ed352a83_k-1536x1024.jpg 1536w, https:\/\/oblatesassomption.com\/wp-content\/uploads\/2025\/03\/54364631204_c5ed352a83_k.jpg 2048w\" sizes=\"(max-width: 1024px) 100vw, 1024px\" \/><\/figure>\n<\/figure>\n","protected":false},"excerpt":{"rendered":"<p>Du vendredi 28\/2 au dimanche 2\/3\/2025, les fr\u00e8res et s\u0153urs vietnamiens de la Famille de l\u2019Assomption, en formation ou\/et en mission en Europe, se sont r\u00e9unis \u00e0 Saint Lambert-des-Bois pour vivre ensemble la session TET-ASSOMPTION 2025 sur le th\u00e8me \u00ab&nbsp; La Culture de la Paix&nbsp;\u00bb, pr\u00e9sent\u00e9 par Sr Marie-Paulette ALAUX, Sup\u00e9rieure Provinciale d\u2019Europe des Oblates [&hellip;]<\/p>\n","protected":false},"author":1,"featured_media":5009,"comment_status":"open","ping_status":"open","sticky":false,"template":"","format":"standard","meta":{"footnotes":""},"categories":[25],"tags":[10],"class_list":["post-5007","post","type-post","status-publish","format-standard","has-post-thumbnail","hentry","category-famille-de-lassomption","tag-oblates-de-lassomption"],"_links":{"self":[{"href":"https:\/\/oblatesassomption.com\/index.php\/wp-json\/wp\/v2\/posts\/5007","targetHints":{"allow":["GET"]}}],"collection":[{"href":"https:\/\/oblatesassomption.com\/index.php\/wp-json\/wp\/v2\/posts"}],"about":[{"href":"https:\/\/oblatesassomption.com\/index.php\/wp-json\/wp\/v2\/types\/post"}],"author":[{"embeddable":true,"href":"https:\/\/oblatesassomption.com\/index.php\/wp-json\/wp\/v2\/users\/1"}],"replies":[{"embeddable":true,"href":"https:\/\/oblatesassomption.com\/index.php\/wp-json\/wp\/v2\/comments?post=5007"}],"version-history":[{"count":2,"href":"https:\/\/oblatesassomption.com\/index.php\/wp-json\/wp\/v2\/posts\/5007\/revisions"}],"predecessor-version":[{"id":5018,"href":"https:\/\/oblatesassomption.com\/index.php\/wp-json\/wp\/v2\/posts\/5007\/revisions\/5018"}],"wp:featuredmedia":[{"embeddable":true,"href":"https:\/\/oblatesassomption.com\/index.php\/wp-json\/wp\/v2\/media\/5009"}],"wp:attachment":[{"href":"https:\/\/oblatesassomption.com\/index.php\/wp-json\/wp\/v2\/media?parent=5007"}],"wp:term":[{"taxonomy":"category","embeddable":true,"href":"https:\/\/oblatesassomption.com\/index.php\/wp-json\/wp\/v2\/categories?post=5007"},{"taxonomy":"post_tag","embeddable":true,"href":"https:\/\/oblatesassomption.com\/index.php\/wp-json\/wp\/v2\/tags?post=5007"}],"curies":[{"name":"wp","href":"https:\/\/api.w.org\/{rel}","templated":true}]}}