{"id":5004,"date":"2025-03-05T17:07:17","date_gmt":"2025-03-05T16:07:17","guid":{"rendered":"https:\/\/oblatesassomption.com\/?p=5004"},"modified":"2025-03-05T17:07:17","modified_gmt":"2025-03-05T16:07:17","slug":"en-mars-les-familles-en-crise-au-coeur-des-intentions-de-priere-du-pape","status":"publish","type":"post","link":"https:\/\/oblatesassomption.com\/index.php\/2025\/03\/05\/en-mars-les-familles-en-crise-au-coeur-des-intentions-de-priere-du-pape\/","title":{"rendered":"En mars, les familles en crise au c\u0153ur des intentions de pri\u00e8re du Pape"},"content":{"rendered":"\n<p>Tout au long du mois de mars, le Pape Fran\u00e7ois invite l\u2019\u00c9glise universelle \u00e0 prier pour les familles en crise. Face aux difficult\u00e9s caus\u00e9s par les diff\u00e9rences au sein des familles, le Saint-P\u00e8re assure que le pardon \u00abrenouvelle toujours la famille\u00bb et permet d\u2019\u00eatre lib\u00e9r\u00e9 \u00abde la tristesse et, surtout, du ressentiment\u00bb.<\/p>\n\n\n\n<p><strong>Jean-Beno\u00eet Harel \u2013 Cit\u00e9 du Vatican<\/strong><\/p>\n\n\n\n<p>\u00ab<em>La famille est le premier lieu o\u00f9 l\u2019on apprend \u00e0 aimer<\/em>\u00bb, assurait le Pape Fran\u00e7ois en&nbsp;<a href=\"https:\/\/www.vaticannews.va\/fr\/pape\/news\/2022-06\/pape-francois-homelie-messe-rencontre-mondiale-familles.html#:~:text=%C2%ABLa%20famille%20est%20le%20lieu,aimer%C2%BB%20a%20soulign%C3%A9%20le%20Pape.\">juin 2022<\/a>, \u00e0 la fin de la Xe rencontre mondiale des familles \u00e0 Rome. Pour le mois de mars 2025, le Saint-P\u00e8re a d\u00e9cid\u00e9 de consacrer la pri\u00e8re de l\u2019\u00c9glise universelle aux familles en crise.<\/p>\n\n\n\n<p>Dans la&nbsp;<a href=\"https:\/\/www.youtube.com\/watch?v=5Xodh8wtnic\" rel=\"noreferrer noopener\" target=\"_blank\">vid\u00e9o<\/a>&nbsp;de pr\u00e9sentation, tourn\u00e9e avant son hospitalisation le 14 f\u00e9vrier \u00e0 l\u2019h\u00f4pital Gemelli, le Pape Fran\u00e7ois commence par mettre en garde contre le r\u00eave d\u2019une \u00ab<em>famille belle et parfaite<\/em>\u00bb. \u00ab<em>Les familles parfaites n\u2019existent pas\u00bb,&nbsp;<\/em>insiste-t-il, chacune connaissant des joies et des difficult\u00e9s.<\/p>\n\n\n\n<p>Chaque membre d\u2019une famille est pr\u00e9cieux car unique, reconna\u00eet le Pape, mais les diff\u00e9rences entre les membres \u00ab<em>peuvent aussi conduire \u00e0 des conflits et \u00e0 des blessures douloureuses<\/em>\u00bb.<\/p>\n\n\n\n<h3 class=\"wp-block-heading\"><strong>Une seule solution: le pardon<\/strong><\/h3>\n\n\n\n<p>Pour gu\u00e9rir \u00ab<em>la douleur d\u2019une famille bless\u00e9e<\/em>\u00bb, le Pape Fran\u00e7ois ne donne qu\u2019un seul rem\u00e8de: le pardon. \u00ab<em>Pardonner signifie donner une autre chance<\/em>\u00bb, souligne-t-il.<\/p>\n\n\n\n<p>Le Souverain pontife recommande de prendre exemple sur Dieu, qui pardonne \u00ab<em>tout le temps<\/em>\u00bb. \u00ab<em>La patience de Dieu est infinie: Il nous pardonne, nous aide \u00e0 nous relever et nous permet de recommencer<\/em>\u00bb.<\/p>\n\n\n\n<p>Au sein de la famille, donner et recevoir le pardon \u00ab<em>renouvelle toujours la famille et nous fait regarder vers l\u2019avenir avec esp\u00e9rance<\/em>\u00bb, assure Fran\u00e7ois.<\/p>\n\n\n\n<h3 class=\"wp-block-heading\"><strong>La gu\u00e9rison des c\u0153urs<\/strong><\/h3>\n\n\n\n<p>Toutefois, le Saint-P\u00e8re reconnait que le pardon ne peut pas tout, et que parfois, \u00ab<em>la fin heureuse n\u2019est pas possible<\/em>\u00bb. Mais \u00ab<em>la gr\u00e2ce de Dieu<\/em>\u00bb permet de pardonner et \u00ab<em>apporte la paix, parce qu\u2019elle nous lib\u00e8re de la tristesse et, surtout, du ressentiment<\/em>\u00bb.<\/p>\n\n\n\n<blockquote class=\"wp-block-quote is-layout-flow wp-block-quote-is-layout-flow\">\n<p>\u201cPrions pour que les familles divis\u00e9es puissent trouver dans le pardon la gu\u00e9rison de leurs blessures, en red\u00e9couvrant la richesse de l\u2019autre, m\u00eame au c\u0153ur des diff\u00e9rences.\u201d<\/p>\n<\/blockquote>\n\n\n\n<p>La pri\u00e8re aux intentions du Saint-P\u00e8re est l\u2019une des quatre conditions pos\u00e9es pour l\u2019obtention de l\u2019indulgence pl\u00e9ni\u00e8re dans le cadre du Jubil\u00e9 de l&rsquo;esp\u00e9rance, avec le passage de la Porte Sainte, la confession et la participation \u00e0 la messe.<\/p>\n\n\n\n<p>\u00c0 Rome, le Jubil\u00e9 des Familles du 30 mai au 1er\u00a0juin sera une des occasions offertes par l&rsquo;ann\u00e9e jubilaire pour prier particuli\u00e8rement pour les familles du monde entier.<\/p>\n\n\n\n<figure class=\"wp-block-embed is-type-video is-provider-youtube wp-block-embed-youtube wp-embed-aspect-16-9 wp-has-aspect-ratio\"><div class=\"wp-block-embed__wrapper\">\n<iframe title=\"POUR LES FAMILLES EN CRISE \u2013 LA VID\u00c9O DU PAPE \u2013 MARS 2025\" width=\"800\" height=\"450\" src=\"https:\/\/www.youtube.com\/embed\/5Xodh8wtnic?start=2&#038;feature=oembed\" frameborder=\"0\" allow=\"accelerometer; autoplay; clipboard-write; encrypted-media; gyroscope; picture-in-picture; web-share\" referrerpolicy=\"strict-origin-when-cross-origin\" allowfullscreen><\/iframe>\n<\/div><\/figure>\n\n\n\n<p><em>Source : <a href=\"https:\/\/www.vaticannews.va\/fr\/pape\/news\/2025-03\/en-mars-les-familles-en-crise-au-c-ur-des-intentions-de-priere.html\">https:\/\/www.vaticannews.va\/fr\/pape\/news\/2025-03\/en-mars-les-familles-en-crise-au-c-ur-des-intentions-de-priere.html<\/a><\/em><\/p>\n","protected":false},"excerpt":{"rendered":"<p>Tout au long du mois de mars, le Pape Fran\u00e7ois invite l\u2019\u00c9glise universelle \u00e0 prier pour les familles en crise. Face aux difficult\u00e9s caus\u00e9s par les diff\u00e9rences au sein des familles, le Saint-P\u00e8re assure que le pardon \u00abrenouvelle toujours la famille\u00bb et permet d\u2019\u00eatre lib\u00e9r\u00e9 \u00abde la tristesse et, surtout, du ressentiment\u00bb. Jean-Beno\u00eet Harel \u2013 [&hellip;]<\/p>\n","protected":false},"author":1,"featured_media":5005,"comment_status":"open","ping_status":"open","sticky":false,"template":"","format":"standard","meta":{"footnotes":""},"categories":[40,49],"tags":[10],"class_list":["post-5004","post","type-post","status-publish","format-standard","has-post-thumbnail","hentry","category-eglise","category-pape-francois","tag-oblates-de-lassomption"],"_links":{"self":[{"href":"https:\/\/oblatesassomption.com\/index.php\/wp-json\/wp\/v2\/posts\/5004","targetHints":{"allow":["GET"]}}],"collection":[{"href":"https:\/\/oblatesassomption.com\/index.php\/wp-json\/wp\/v2\/posts"}],"about":[{"href":"https:\/\/oblatesassomption.com\/index.php\/wp-json\/wp\/v2\/types\/post"}],"author":[{"embeddable":true,"href":"https:\/\/oblatesassomption.com\/index.php\/wp-json\/wp\/v2\/users\/1"}],"replies":[{"embeddable":true,"href":"https:\/\/oblatesassomption.com\/index.php\/wp-json\/wp\/v2\/comments?post=5004"}],"version-history":[{"count":1,"href":"https:\/\/oblatesassomption.com\/index.php\/wp-json\/wp\/v2\/posts\/5004\/revisions"}],"predecessor-version":[{"id":5006,"href":"https:\/\/oblatesassomption.com\/index.php\/wp-json\/wp\/v2\/posts\/5004\/revisions\/5006"}],"wp:featuredmedia":[{"embeddable":true,"href":"https:\/\/oblatesassomption.com\/index.php\/wp-json\/wp\/v2\/media\/5005"}],"wp:attachment":[{"href":"https:\/\/oblatesassomption.com\/index.php\/wp-json\/wp\/v2\/media?parent=5004"}],"wp:term":[{"taxonomy":"category","embeddable":true,"href":"https:\/\/oblatesassomption.com\/index.php\/wp-json\/wp\/v2\/categories?post=5004"},{"taxonomy":"post_tag","embeddable":true,"href":"https:\/\/oblatesassomption.com\/index.php\/wp-json\/wp\/v2\/tags?post=5004"}],"curies":[{"name":"wp","href":"https:\/\/api.w.org\/{rel}","templated":true}]}}