{"id":4995,"date":"2025-03-04T21:10:49","date_gmt":"2025-03-04T20:10:49","guid":{"rendered":"https:\/\/oblatesassomption.com\/?p=4995"},"modified":"2025-03-04T21:13:35","modified_gmt":"2025-03-04T20:13:35","slug":"lesprit-de-solitude","status":"publish","type":"post","link":"https:\/\/oblatesassomption.com\/index.php\/2025\/03\/04\/lesprit-de-solitude\/","title":{"rendered":"L\u2019ESPRIT DE SOLITUDE"},"content":{"rendered":"\n<p class=\"has-text-align-center\">\u00ab&nbsp;<em>Venez \u00e0 l&rsquo;\u00e9cart, dans un lieu d\u00e9sert, et reposez-vous un peu<\/em>.\u00bb (Mc 6, 32)<\/p>\n\n\n\n<p>Le Car\u00eame doit \u00eatre pour moi un temps de plus grande solitude et de p\u00e9nitence. J&rsquo;\u00e9tudierai aujourd&rsquo;hui la n\u00e9cessit\u00e9 de la solitude.<\/p>\n\n\n\n<p>La solitude m&rsquo;est n\u00e9cessaire :<\/p>\n\n\n\n<ul class=\"wp-block-list\">\n<li>Pour examiner ce que je dois fuir ;<\/li>\n<\/ul>\n\n\n\n<ul class=\"wp-block-list\">\n<li>Pour m\u00e9diter sur les moyens de me rapprocher de Dieu.<\/li>\n<\/ul>\n\n\n\n<p><\/p>\n\n\n\n<p>I. <strong>Examen de ce que je dois fuir<\/strong><\/p>\n\n\n\n<p>Tout ce qui m&rsquo;\u00e9loigne de Dieu, et je trouve :<\/p>\n\n\n\n<p>1, <strong><em>Mes id\u00e9es habituelles<\/em><\/strong><\/p>\n\n\n\n<p>Que sont-elles ? Un compos\u00e9 de riens, de futilit\u00e9s. Je pense \u00e0 tout, except\u00e9 \u00e0 Dieu. Je me fais des horizons agr\u00e9ables, je m&rsquo;y perds, l&rsquo;y erre en quelque sorte au milieu des nuages. Suppos\u00e9 que ces id\u00e9es ne soient pas mauvaises, elles sont tout au moins inutiles \u00e0 mon \u00e9ternit\u00e9, et elles me sont nuisibles, puisqu&rsquo;elles m&rsquo;\u00e9cartent de Dieu.<\/p>\n\n\n\n<p>\u00ab <em>J\u00e9rusalem, J\u00e9rusalem, convertis-toi au Seigneur ton Dieu<\/em>. \u00bb (Exhortation par laquelle l&rsquo;Eglise termine les lamentations de J\u00e9r\u00e9mie pendant les trois derniers jours de la Semaine Sainte.)<\/p>\n\n\n\n<p>2,<em> <strong>Ma l\u00e9g\u00e8ret\u00e9<\/strong><\/em><\/p>\n\n\n\n<p>Combien de fois ai-je pass\u00e9 dix minutes \u00e0 penser constamment \u00e0 une id\u00e9e du ciel ? Ah ! si j&rsquo;ai \u00e9t\u00e9 vex\u00e9, humili\u00e9, contrari\u00e9, ma pens\u00e9e est devenue fixe. Si la passion m&rsquo;a entra\u00een\u00e9, je sais encore mettre quelque chose d&rsquo;immuable dans mon esprit. Mais habituellement, o\u00f9 en suis-je ? La plume qui vole, la feuille qui tombe, la fum\u00e9e qui se dissipe, tout cela n&rsquo;est pas plus volage, fluide que ma pens\u00e9e. Il faut que je la rende plus ferme, et pour cela que je rentre dans la solitude o\u00f9 Dieu, plus pr\u00e8s de moi, me parlera et me forcera \u00e0 l&rsquo;\u00e9couter.<\/p>\n\n\n\n<p>3, <strong><em>Mes affaires<\/em><\/strong><\/p>\n\n\n\n<p>Je devrais n&rsquo;en avoir pas de plus grande que celle de mon \u00e9ternit\u00e9. H\u00e9las ! il n&rsquo;en est pas ainsi. J&rsquo;ai mille pr\u00e9occupations, mille soins qui m&rsquo;absorbent et m&#8217;emp\u00eachent de profiter de l&rsquo;invitation de saint Paul : \u00ab<em>Occupez-vous de votre affaire.<\/em>\u00bb( 1Th4,11). Seigneur, je veux m&rsquo;occuper de ma grande affaire, et pour cela rentrer, autant qu&rsquo;il d\u00e9pendra de moi, dans une vraie solitude.<\/p>\n\n\n\n<p><strong>II. Moyens de me rapprocher de Dieu&nbsp;:<\/strong><\/p>\n\n\n\n<p>Ces moyens sont :<\/p>\n\n\n\n<p>1, <strong><em>L&rsquo;\u00e9tude de Dieu<\/em><\/strong><\/p>\n\n\n\n<p>Quoi de plus beau ! Mon intelligence, dans son infirmit\u00e9, ne peut le contempler et le saisir d&rsquo;un regard simple, comme les anges, mais je puis l&rsquo;\u00e9tudier et, dans la m\u00e9ditation, apprendre chaque jour quelque chose de ses perfections. Oh ! Seigneur, quand vous conna\u00eetrai-je ici-bas autant que j&rsquo;en suis capable ? Ce sera quand, dans la solitude, s\u00e9par\u00e9 de tout et de moi-m\u00eame, je ne chercherai que vous.<\/p>\n\n\n\n<p>2, <strong><em>La m\u00e9ditation des droits de Dieu<\/em><\/strong><\/p>\n\n\n\n<p>Oh ! Seigneur, je fr\u00e9mis. Qu&rsquo;\u00eates-vous pour mol, que suis-je pour vous ? Vous, Seigneur, vous m&rsquo;\u00eates tout : \u00ab <em>Mon Dieu et mon tout <\/em>\u00bb (Imit. de J.-C., 1. III, ch XXXIV, n\u00b0 I.) Moi je ne suis rien : \u00ab <em>Mon \u00eatre est comme un n\u00e9ant devant vous<\/em>? \u00bb (Ps18,6) Vous avez sur moi tous les droits de la puissance, de la sagesse et de l&rsquo;amour infinis. Quand les reconna\u00eetrai-je ces droits ? Quand agirai-je conform\u00e9ment \u00e0 tout ce qu&rsquo;ils exigent de mon n\u00e9ant, de mon p\u00e9ch\u00e9, de mes ingratitudes, de mes r\u00e9voltes ?<\/p>\n\n\n\n<p>3, <strong><em>L&rsquo;effort pour entrer dans la vie surnaturelle&nbsp;:<\/em><\/strong><\/p>\n\n\n\n<p>L&rsquo;homme animal ne comprend pas. Que d&rsquo;hommes en sont l\u00e0 ! N&rsquo;y suis-je pas moi-m\u00eame ? J&rsquo;ai besoin de la gr\u00e2ce, sans doute, mais aussi de tout l&rsquo;effort de ma volont\u00e9 pour m&rsquo;\u00e9lever vers Dieu. Cela est dur \u00e0 l&rsquo;\u00e2me dissip\u00e9e, mais si elle le veut, elle le peut. La gr\u00e2ce lui est accord\u00e9e: \u00ab <em>Voici maintenant le temps favorable <\/em>\u00bb (2Co 6,2) Rien de plus ais\u00e9 si je profite g\u00e9n\u00e9reusement de la solitude de ces saints jours.<\/p>\n\n\n\n<p>Seigneur, je ferai effort et j&rsquo;arriverai par votre gr\u00e2ce \u00e0 vivre avec vous.<\/p>\n\n\n\n<p>4, <strong><em>Rapports intimes avec Dieu<\/em><\/strong><\/p>\n\n\n\n<p>Ce sera le couronnement. Je vivrai en vous, Seigneur, et je n&rsquo;aurai besoin de rien. Vous serez mon Bien-Aim\u00e9 par excellence, je n&rsquo;en voudrai pas d&rsquo;autres. Chastes d\u00e9lices de l&rsquo;\u00e2me unie \u00e0 son Dieu, vous coulerez en moi, et alors je comprendrai ce qu&rsquo;est la solitude o\u00f9 Dieu parle au c\u0153ur de sa cr\u00e9ature, \u00e0 qui il communique son in\u00e9narrable amiti\u00e9!<\/p>\n\n\n\n<p class=\"has-text-align-right\">(Cf. Les cahiers d\u2019Alzon, tome IX, <em>Une cure de Car\u00eame<\/em>, p11-15)<\/p>\n\n\n\n<p>Texte propos\u00e9 par Sr Thuc Doan<\/p>\n\n\n\n<p><em>Photo : Brigitte Naeye, Cath\u00e9drale Notre Dame de la Treille, Lille, 2023<\/em><\/p>\n\n\n\n<p><\/p>\n","protected":false},"excerpt":{"rendered":"<p>\u00ab&nbsp;Venez \u00e0 l&rsquo;\u00e9cart, dans un lieu d\u00e9sert, et reposez-vous un peu.\u00bb (Mc 6, 32) Le Car\u00eame doit \u00eatre pour moi un temps de plus grande solitude et de p\u00e9nitence. J&rsquo;\u00e9tudierai aujourd&rsquo;hui la n\u00e9cessit\u00e9 de la solitude. La solitude m&rsquo;est n\u00e9cessaire : I. Examen de ce que je dois fuir Tout ce qui m&rsquo;\u00e9loigne de Dieu, [&hellip;]<\/p>\n","protected":false},"author":1,"featured_media":4998,"comment_status":"open","ping_status":"open","sticky":false,"template":"","format":"standard","meta":{"footnotes":""},"categories":[51,39],"tags":[10],"class_list":["post-4995","post","type-post","status-publish","format-standard","has-post-thumbnail","hentry","category-careme","category-meditation","tag-oblates-de-lassomption"],"_links":{"self":[{"href":"https:\/\/oblatesassomption.com\/index.php\/wp-json\/wp\/v2\/posts\/4995","targetHints":{"allow":["GET"]}}],"collection":[{"href":"https:\/\/oblatesassomption.com\/index.php\/wp-json\/wp\/v2\/posts"}],"about":[{"href":"https:\/\/oblatesassomption.com\/index.php\/wp-json\/wp\/v2\/types\/post"}],"author":[{"embeddable":true,"href":"https:\/\/oblatesassomption.com\/index.php\/wp-json\/wp\/v2\/users\/1"}],"replies":[{"embeddable":true,"href":"https:\/\/oblatesassomption.com\/index.php\/wp-json\/wp\/v2\/comments?post=4995"}],"version-history":[{"count":4,"href":"https:\/\/oblatesassomption.com\/index.php\/wp-json\/wp\/v2\/posts\/4995\/revisions"}],"predecessor-version":[{"id":5003,"href":"https:\/\/oblatesassomption.com\/index.php\/wp-json\/wp\/v2\/posts\/4995\/revisions\/5003"}],"wp:featuredmedia":[{"embeddable":true,"href":"https:\/\/oblatesassomption.com\/index.php\/wp-json\/wp\/v2\/media\/4998"}],"wp:attachment":[{"href":"https:\/\/oblatesassomption.com\/index.php\/wp-json\/wp\/v2\/media?parent=4995"}],"wp:term":[{"taxonomy":"category","embeddable":true,"href":"https:\/\/oblatesassomption.com\/index.php\/wp-json\/wp\/v2\/categories?post=4995"},{"taxonomy":"post_tag","embeddable":true,"href":"https:\/\/oblatesassomption.com\/index.php\/wp-json\/wp\/v2\/tags?post=4995"}],"curies":[{"name":"wp","href":"https:\/\/api.w.org\/{rel}","templated":true}]}}