{"id":4852,"date":"2025-02-07T09:07:51","date_gmt":"2025-02-07T08:07:51","guid":{"rendered":"https:\/\/oblatesassomption.com\/?p=4852"},"modified":"2025-02-09T16:34:10","modified_gmt":"2025-02-09T15:34:10","slug":"fete-de-la-vie-consacree-2025-au-rwanda-les-consacres-exhortes-a-etre-temoins-desperance-et-de-paix","status":"publish","type":"post","link":"https:\/\/oblatesassomption.com\/index.php\/2025\/02\/07\/fete-de-la-vie-consacree-2025-au-rwanda-les-consacres-exhortes-a-etre-temoins-desperance-et-de-paix\/","title":{"rendered":"Les consacr\u00e9s exhort\u00e9s \u00e0 \u00eatre t\u00e9moins d\u2019esp\u00e9rance et de paix au Rwanda"},"content":{"rendered":"\n<blockquote class=\"wp-block-quote is-layout-flow wp-block-quote-is-layout-flow\">\n<p>La c\u00e9l\u00e9bration de la Journ\u00e9e mondiale de la vie consacr\u00e9e dimanche 2 f\u00e9vrier 2025 au Rwanda a \u00e9t\u00e9 marqu\u00e9e par la messe solennelle du jubil\u00e9 de la vie consacr\u00e9e, l\u2019une des grandes c\u00e9l\u00e9brations du jubil\u00e9 des 125 ans de l\u2019\u00e9vang\u00e9lisation du pays. Dans son discours au terme de la c\u00e9r\u00e9monie, le p\u00e8re Eug\u00e8ne Niyonzima, pr\u00e9sident de la conf\u00e9rence des sup\u00e9rieurs majeurs du Rwanda, a indiqu\u00e9 que ce jubil\u00e9 est un appel \u00e0 demeurer fid\u00e8le \u00e0 leur mission et \u00e0 \u00eatre de v\u00e9ritables t\u00e9moins de l\u2019esp\u00e9rance.<\/p>\n<\/blockquote>\n\n\n\n<blockquote class=\"wp-block-quote is-layout-flow wp-block-quote-is-layout-flow\">\n<p>L\u2019\u00c9glise a c\u00e9l\u00e9br\u00e9 dimanche 2 f\u00e9vrier 2025, en la f\u00eate de la Pr\u00e9sentation du Seigneur au temple, la Journ\u00e9e mondiale de la vie consacr\u00e9e. Occasion pour les religieux et religieuses du Rwanda de c\u00e9l\u00e9brer le jubil\u00e9 de la vie consacr\u00e9e, l\u2019une des grandes c\u00e9l\u00e9brations du jubil\u00e9 des 125 ans de l\u2019\u00e9vang\u00e9lisation du pays.<br>Dans son hom\u00e9lie de la messe solennelle qu\u2019il a pr\u00e9sid\u00e9e au sanctuaire marial de Kibeho, le cardinal Antoine Kambanda, archev\u00eaque de Kigali, a rendu gr\u00e2ce \u00e0 Dieu pour le don de la vie consacr\u00e9e \u00e0 l\u2019\u00c9glise et au monde. Il a exhort\u00e9 toutes les personnes consacr\u00e9es du pays au don total de leur vie dans la fid\u00e9lit\u00e9 \u00e0 leur identit\u00e9 charismatique et surtout \u00e0 veiller \u00e0 la qualit\u00e9 de la formation dispens\u00e9e dans les instituts religieux.<\/p>\n<\/blockquote>\n\n\n\n<p><strong>Action de gr\u00e2ce \u00e0 Dieu et remerciement aux religieux<\/strong><\/p>\n\n\n\n<blockquote class=\"wp-block-quote is-layout-flow wp-block-quote-is-layout-flow\">\n<p>Dans son discours au terme de la c\u00e9l\u00e9bration eucharistique, le p\u00e8re Eug\u00e8ne Niyonzima, religieux palotin et pr\u00e9sident de la Conf\u00e9rence des sup\u00e9rieurs majeurs du Rwanda, a lui aussi rendu gr\u00e2ce \u00e0 Dieu, qui a permis \u00abla naissance du don de la vocation religieuse et l\u2019a fait fructifier abondamment tel un grain de s\u00e9nev\u00e9 qui a grandi et port\u00e9 de nombreux fruits, cette vocation s\u2019est \u00e9panouie &nbsp;au Rwanda et bien au-del\u00e0\u00bb.<br>Le p\u00e8re Niyonzima a aussi exprim\u00e9 sa gratitude \u00e0 s\u0153ur Mariya Yohana Nyirabayovu qui a \u00e9t\u00e9 la pionni\u00e8re dans la vie religieuse au Rwanda, en se consacrant \u00e0 Dieu par les v\u0153ux prononc\u00e9s le 25 mars 1919 \u00e0 Rwaza, donnant ainsi vie \u00e0 la toute premi\u00e8re famille religieuse du nom de Benebikira (Filles de la Vierge Marie).<\/p>\n<\/blockquote>\n\n\n\n<p>Les Oblates de l\u2019Assomption venues de nos diff\u00e9rentes communaut\u00e9 au Rwanda, ont particip\u00e9 \u00e0 cette c\u00e9l\u00e9bration eucharistique dans la joie et l\u2019action de gr\u00e2ce. <\/p>\n\n\n\n<p class=\"has-text-align-right\">Sr M-Delphine MUSABYIMANA <\/p>\n\n\n\n<p>Source : <a href=\"https:\/\/www.vaticannews.va\/fr\/eglise\/news\/2025-02\/rwanda-les-consacres-exhortes-a-etre-temoins-de-l-esperance-et.html#:~:text=La%20c%C3%A9l%C3%A9bration%20de%20la%20Journ%C3%A9e,de%20l'%C3%A9vang%C3%A9lisation%20du%20pays.\" data-type=\"link\" data-id=\"https:\/\/www.vaticannews.va\/fr\/eglise\/news\/2025-02\/rwanda-les-consacres-exhortes-a-etre-temoins-de-l-esperance-et.html#:~:text=La%20c%C3%A9l%C3%A9bration%20de%20la%20Journ%C3%A9e,de%20l'%C3%A9vang%C3%A9lisation%20du%20pays.\">https:\/\/www.vaticannews.va\/fr\/eglise\/news\/2025-02\/rwanda-les-consacres-exhortes-a-etre-temoins-de-l-esperance-et.html<\/a><\/p>\n\n\n\n<p>Photos : OA<\/p>\n\n\n\n<figure class=\"wp-block-gallery has-nested-images columns-default is-cropped wp-block-gallery-1 is-layout-flex wp-block-gallery-is-layout-flex\">\n<figure class=\"wp-block-image size-full\"><img fetchpriority=\"high\" decoding=\"async\" width=\"1008\" height=\"756\" data-id=\"4856\" src=\"https:\/\/oblatesassomption.com\/wp-content\/uploads\/2025\/02\/rw3-1.jpg\" alt=\"\" class=\"wp-image-4856\" srcset=\"https:\/\/oblatesassomption.com\/wp-content\/uploads\/2025\/02\/rw3-1.jpg 1008w, https:\/\/oblatesassomption.com\/wp-content\/uploads\/2025\/02\/rw3-1-300x225.jpg 300w, https:\/\/oblatesassomption.com\/wp-content\/uploads\/2025\/02\/rw3-1-768x576.jpg 768w\" sizes=\"(max-width: 1008px) 100vw, 1008px\" \/><\/figure>\n\n\n\n<figure class=\"wp-block-image size-full\"><img decoding=\"async\" width=\"1008\" height=\"756\" data-id=\"4858\" src=\"https:\/\/oblatesassomption.com\/wp-content\/uploads\/2025\/02\/rw7.jpg\" alt=\"\" class=\"wp-image-4858\" srcset=\"https:\/\/oblatesassomption.com\/wp-content\/uploads\/2025\/02\/rw7.jpg 1008w, https:\/\/oblatesassomption.com\/wp-content\/uploads\/2025\/02\/rw7-300x225.jpg 300w, https:\/\/oblatesassomption.com\/wp-content\/uploads\/2025\/02\/rw7-768x576.jpg 768w\" sizes=\"(max-width: 1008px) 100vw, 1008px\" \/><\/figure>\n<\/figure>\n\n\n\n<figure class=\"wp-block-gallery has-nested-images columns-default is-cropped wp-block-gallery-2 is-layout-flex wp-block-gallery-is-layout-flex\">\n<figure class=\"wp-block-image size-large\"><img decoding=\"async\" width=\"1008\" height=\"756\" data-id=\"4859\" src=\"https:\/\/oblatesassomption.com\/wp-content\/uploads\/2025\/02\/rwa5.jpg\" alt=\"\" class=\"wp-image-4859\" srcset=\"https:\/\/oblatesassomption.com\/wp-content\/uploads\/2025\/02\/rwa5.jpg 1008w, https:\/\/oblatesassomption.com\/wp-content\/uploads\/2025\/02\/rwa5-300x225.jpg 300w, https:\/\/oblatesassomption.com\/wp-content\/uploads\/2025\/02\/rwa5-768x576.jpg 768w\" sizes=\"(max-width: 1008px) 100vw, 1008px\" \/><\/figure>\n\n\n\n<figure class=\"wp-block-image size-large\"><img loading=\"lazy\" decoding=\"async\" width=\"720\" height=\"356\" data-id=\"4857\" src=\"https:\/\/oblatesassomption.com\/wp-content\/uploads\/2025\/02\/rwa-1-e1738963888234.jpg\" alt=\"\" class=\"wp-image-4857\" srcset=\"https:\/\/oblatesassomption.com\/wp-content\/uploads\/2025\/02\/rwa-1-e1738963888234.jpg 720w, https:\/\/oblatesassomption.com\/wp-content\/uploads\/2025\/02\/rwa-1-e1738963888234-300x148.jpg 300w\" sizes=\"(max-width: 720px) 100vw, 720px\" \/><\/figure>\n<\/figure>\n\n\n\n<p><\/p>\n","protected":false},"excerpt":{"rendered":"<p>La c\u00e9l\u00e9bration de la Journ\u00e9e mondiale de la vie consacr\u00e9e dimanche 2 f\u00e9vrier 2025 au Rwanda a \u00e9t\u00e9 marqu\u00e9e par la messe solennelle du jubil\u00e9 de la vie consacr\u00e9e, l\u2019une des grandes c\u00e9l\u00e9brations du jubil\u00e9 des 125 ans de l\u2019\u00e9vang\u00e9lisation du pays. Dans son discours au terme de la c\u00e9r\u00e9monie, le p\u00e8re Eug\u00e8ne Niyonzima, pr\u00e9sident [&hellip;]<\/p>\n","protected":false},"author":1,"featured_media":4860,"comment_status":"open","ping_status":"open","sticky":false,"template":"","format":"standard","meta":{"footnotes":""},"categories":[40,38],"tags":[10],"class_list":["post-4852","post","type-post","status-publish","format-standard","has-post-thumbnail","hentry","category-eglise","category-mission","tag-oblates-de-lassomption"],"_links":{"self":[{"href":"https:\/\/oblatesassomption.com\/index.php\/wp-json\/wp\/v2\/posts\/4852","targetHints":{"allow":["GET"]}}],"collection":[{"href":"https:\/\/oblatesassomption.com\/index.php\/wp-json\/wp\/v2\/posts"}],"about":[{"href":"https:\/\/oblatesassomption.com\/index.php\/wp-json\/wp\/v2\/types\/post"}],"author":[{"embeddable":true,"href":"https:\/\/oblatesassomption.com\/index.php\/wp-json\/wp\/v2\/users\/1"}],"replies":[{"embeddable":true,"href":"https:\/\/oblatesassomption.com\/index.php\/wp-json\/wp\/v2\/comments?post=4852"}],"version-history":[{"count":9,"href":"https:\/\/oblatesassomption.com\/index.php\/wp-json\/wp\/v2\/posts\/4852\/revisions"}],"predecessor-version":[{"id":4884,"href":"https:\/\/oblatesassomption.com\/index.php\/wp-json\/wp\/v2\/posts\/4852\/revisions\/4884"}],"wp:featuredmedia":[{"embeddable":true,"href":"https:\/\/oblatesassomption.com\/index.php\/wp-json\/wp\/v2\/media\/4860"}],"wp:attachment":[{"href":"https:\/\/oblatesassomption.com\/index.php\/wp-json\/wp\/v2\/media?parent=4852"}],"wp:term":[{"taxonomy":"category","embeddable":true,"href":"https:\/\/oblatesassomption.com\/index.php\/wp-json\/wp\/v2\/categories?post=4852"},{"taxonomy":"post_tag","embeddable":true,"href":"https:\/\/oblatesassomption.com\/index.php\/wp-json\/wp\/v2\/tags?post=4852"}],"curies":[{"name":"wp","href":"https:\/\/api.w.org\/{rel}","templated":true}]}}