{"id":4838,"date":"2025-02-07T08:11:49","date_gmt":"2025-02-07T07:11:49","guid":{"rendered":"https:\/\/oblatesassomption.com\/?p=4838"},"modified":"2025-02-07T22:53:42","modified_gmt":"2025-02-07T21:53:42","slug":"fete-de-la-vie-consacree-2025-un-petit-tour-dhorizon-de-nos-missions","status":"publish","type":"post","link":"https:\/\/oblatesassomption.com\/index.php\/2025\/02\/07\/fete-de-la-vie-consacree-2025-un-petit-tour-dhorizon-de-nos-missions\/","title":{"rendered":"F\u00eate de la Vie Consacr\u00e9e 2025&#8230; un Petit tour d&rsquo;horizon de nos Missions&#8230;"},"content":{"rendered":"\n<p><em>Initiative&nbsp;de Jean-Paul II&nbsp;en 1997, la journ\u00e9e de la&nbsp;vie consacr\u00e9e&nbsp;a lieu chaque ann\u00e9e le 2 f\u00e9vrier dans le but de mettre en lumi\u00e8re et de c\u00e9l\u00e9brer le r\u00f4le des consacr\u00e9s homme et femme&nbsp;au sein de l\u2019\u00c9glise. L\u2019objectif de cette journ\u00e9e est aussi de mieux conna\u00eetre et appr\u00e9cier la&nbsp;vie consacr\u00e9e. \u00ab En contemplant le don de la&nbsp;vie consacr\u00e9e, l\u2019\u00c9glise contemple sa vocation la plus profonde, celle de n\u2019appartenir qu\u2019\u00e0 son Seigneur&nbsp;\u00bb comme soulignait&nbsp;Jean-Paul II.<\/em><\/p>\n\n\n\n<p><em>La journ\u00e9e de la&nbsp;vie consacr\u00e9e&nbsp;est c\u00e9l\u00e9br\u00e9e en la f\u00eate de la Pr\u00e9sentation du Seigneur au temple, le 2 f\u00e9vrier de chaque ann\u00e9e. Cette journ\u00e9e est d\u2019autant plus importante pour toute personne consacr\u00e9e, qui,&nbsp;\u00ab inspir\u00e9e par le don bouleversant du Christ, aspire \u00e0 son tour \u00e0 donner sa vie et \u00e0 tout abandonner pour marcher \u00e0 sa suite.&nbsp;\u00bb dans le cadre de l\u2019ann\u00e9e jubilaire 2025 annonce par le Pape Fran\u00e7ois, le Jubil\u00e9 de tous les consacres sera c\u00e9l\u00e9br\u00e9 officiellement a Rome le 8 et 9 Octobre 2025. &nbsp;<\/em><\/p>\n\n\n\n<p><em>S<strong>\u0153ur F\u00e9licit\u00e9 Essoyom\u00e8w\u00e8 KAMBIA<\/strong>, Oblate de l\u2019Assomption, missionnaire au Mexique nous partage le r\u00e9cit de cette c\u00e9l\u00e9bration dans le Dioc\u00e8se d\u2019ORIZABA.<\/em><\/p>\n\n\n\n<p>\u00ab&nbsp;La c\u00e9l\u00e9bration de la F\u00eate de la Vie Consacr\u00e9e 2025 \u00e0 Orizaba, Mexique, a d\u00e9but\u00e9 le 1er f\u00e9vrier avec une conf\u00e9rence donn\u00e9e par une religieuse sur le th\u00e8me : \u00ab Les sentinelles vigilantes, appel\u00e9s du Saint-Esprit \u00bb. Elle a soulign\u00e9 l&rsquo;importance pour les consacr\u00e9s d\u2019\u00eatre une \u00ab voix proph\u00e9tique \u00bb, appelant \u00e0 \u00e9couter les besoins des autres avec patience et attention, et \u00e0 offrir cette \u00e9coute \u00e0 Dieu dans la pri\u00e8re pour mieux accompagner les personnes. Elle a \u00e9galement insist\u00e9 sur l\u2019importance de vivre en communaut\u00e9, en respectant les diff\u00e9rences et en cherchant la r\u00e9conciliation.<\/p>\n\n\n\n<p>Le soir, un repas a \u00e9t\u00e9 offert par l\u2019\u00e9v\u00eaque, Monseigneur Eduardo Servantes. Le 2 f\u00e9vrier, la f\u00eate a continu\u00e9 par l\u2019exposition des stands des congr\u00e9gations, illustrant leur charisme, leurs \u0153uvres et les fondateurs. Une procession a eu lieu avec des bougies et des images des fondateurs, accompagn\u00e9e de musique et de danse mexicaine jusqu\u2019\u00e0 la cath\u00e9drale d\u2019Orizaba, o\u00f9 l\u2019Eucharistie a \u00e9t\u00e9 c\u00e9l\u00e9br\u00e9e. L&rsquo;\u00e9v\u00eaque a encourag\u00e9 les consacr\u00e9s \u00e0 la pri\u00e8re, au service et \u00e0 l\u2019esp\u00e9rance. L\u2019apr\u00e8s-midi a \u00e9t\u00e9 d\u00e9di\u00e9e \u00e0 la pastorale vocationnelle, attirant l&rsquo;int\u00e9r\u00eat des jeunes, enfants et parents pour les congr\u00e9gations. La c\u00e9l\u00e9bration s\u2019est conclue par une pri\u00e8re pour la paix, pour la situation s\u00e9curitaire \u00e0 Goma, et pour les vocations dans l&rsquo;\u00c9glise et les congr\u00e9gations.<\/p>\n\n\n\n<p class=\"has-text-align-right\">S\u0153ur F\u00e9licit\u00e9 Essoyom\u00e8w\u00e8 KAMBIA, Mexique-Orizaba\u00a0<\/p>\n\n\n\n<figure class=\"wp-block-gallery has-nested-images columns-default is-cropped wp-block-gallery-1 is-layout-flex wp-block-gallery-is-layout-flex\">\n<figure class=\"wp-block-image size-large\"><img fetchpriority=\"high\" decoding=\"async\" width=\"1024\" height=\"576\" data-id=\"4849\" src=\"https:\/\/oblatesassomption.com\/wp-content\/uploads\/2025\/02\/MEX-1-1-1024x576.jpg\" alt=\"\" class=\"wp-image-4849\" srcset=\"https:\/\/oblatesassomption.com\/wp-content\/uploads\/2025\/02\/MEX-1-1-1024x576.jpg 1024w, https:\/\/oblatesassomption.com\/wp-content\/uploads\/2025\/02\/MEX-1-1-300x169.jpg 300w, https:\/\/oblatesassomption.com\/wp-content\/uploads\/2025\/02\/MEX-1-1-768x432.jpg 768w, https:\/\/oblatesassomption.com\/wp-content\/uploads\/2025\/02\/MEX-1-1-1536x864.jpg 1536w, https:\/\/oblatesassomption.com\/wp-content\/uploads\/2025\/02\/MEX-1-1.jpg 1600w\" sizes=\"(max-width: 1024px) 100vw, 1024px\" \/><\/figure>\n\n\n\n<figure class=\"wp-block-image size-large\"><img decoding=\"async\" width=\"1024\" height=\"576\" data-id=\"4841\" src=\"https:\/\/oblatesassomption.com\/wp-content\/uploads\/2025\/02\/MEX-3-1024x576.jpg\" alt=\"\" class=\"wp-image-4841\" srcset=\"https:\/\/oblatesassomption.com\/wp-content\/uploads\/2025\/02\/MEX-3-1024x576.jpg 1024w, https:\/\/oblatesassomption.com\/wp-content\/uploads\/2025\/02\/MEX-3-300x169.jpg 300w, https:\/\/oblatesassomption.com\/wp-content\/uploads\/2025\/02\/MEX-3-768x432.jpg 768w, https:\/\/oblatesassomption.com\/wp-content\/uploads\/2025\/02\/MEX-3-1536x864.jpg 1536w, https:\/\/oblatesassomption.com\/wp-content\/uploads\/2025\/02\/MEX-3.jpg 1600w\" sizes=\"(max-width: 1024px) 100vw, 1024px\" \/><\/figure>\n<\/figure>\n\n\n\n<figure class=\"wp-block-gallery has-nested-images columns-default is-cropped wp-block-gallery-2 is-layout-flex wp-block-gallery-is-layout-flex\">\n<figure class=\"wp-block-image size-large\"><img decoding=\"async\" width=\"768\" height=\"1024\" data-id=\"4842\" src=\"https:\/\/oblatesassomption.com\/wp-content\/uploads\/2025\/02\/WhatsApp-Image-2025-02-06-at-21.26.33_79bcbc70-768x1024.jpg\" alt=\"\" class=\"wp-image-4842\" srcset=\"https:\/\/oblatesassomption.com\/wp-content\/uploads\/2025\/02\/WhatsApp-Image-2025-02-06-at-21.26.33_79bcbc70-768x1024.jpg 768w, https:\/\/oblatesassomption.com\/wp-content\/uploads\/2025\/02\/WhatsApp-Image-2025-02-06-at-21.26.33_79bcbc70-225x300.jpg 225w, https:\/\/oblatesassomption.com\/wp-content\/uploads\/2025\/02\/WhatsApp-Image-2025-02-06-at-21.26.33_79bcbc70-1152x1536.jpg 1152w, https:\/\/oblatesassomption.com\/wp-content\/uploads\/2025\/02\/WhatsApp-Image-2025-02-06-at-21.26.33_79bcbc70.jpg 1200w\" sizes=\"(max-width: 768px) 100vw, 768px\" \/><\/figure>\n\n\n\n<figure class=\"wp-block-image size-full\"><img loading=\"lazy\" decoding=\"async\" width=\"720\" height=\"540\" data-id=\"4836\" src=\"https:\/\/oblatesassomption.com\/wp-content\/uploads\/2025\/02\/eaa1185d-dd1d-4294-a97f-b447eabdcae2.jpg\" alt=\"\" class=\"wp-image-4836\" srcset=\"https:\/\/oblatesassomption.com\/wp-content\/uploads\/2025\/02\/eaa1185d-dd1d-4294-a97f-b447eabdcae2.jpg 720w, https:\/\/oblatesassomption.com\/wp-content\/uploads\/2025\/02\/eaa1185d-dd1d-4294-a97f-b447eabdcae2-300x225.jpg 300w\" sizes=\"(max-width: 720px) 100vw, 720px\" \/><\/figure>\n<\/figure>\n\n\n\n<figure class=\"wp-block-gallery has-nested-images columns-default is-cropped wp-block-gallery-3 is-layout-flex wp-block-gallery-is-layout-flex\">\n<figure class=\"wp-block-image size-large\"><img loading=\"lazy\" decoding=\"async\" width=\"720\" height=\"540\" data-id=\"4873\" src=\"https:\/\/oblatesassomption.com\/wp-content\/uploads\/2025\/02\/Mex-1.jpg\" alt=\"\" class=\"wp-image-4873\" srcset=\"https:\/\/oblatesassomption.com\/wp-content\/uploads\/2025\/02\/Mex-1.jpg 720w, https:\/\/oblatesassomption.com\/wp-content\/uploads\/2025\/02\/Mex-1-300x225.jpg 300w\" sizes=\"(max-width: 720px) 100vw, 720px\" \/><\/figure>\n\n\n\n<figure class=\"wp-block-image size-large\"><img loading=\"lazy\" decoding=\"async\" width=\"720\" height=\"720\" data-id=\"4874\" src=\"https:\/\/oblatesassomption.com\/wp-content\/uploads\/2025\/02\/Mex-3-1.jpg\" alt=\"\" class=\"wp-image-4874\" srcset=\"https:\/\/oblatesassomption.com\/wp-content\/uploads\/2025\/02\/Mex-3-1.jpg 720w, https:\/\/oblatesassomption.com\/wp-content\/uploads\/2025\/02\/Mex-3-1-300x300.jpg 300w, https:\/\/oblatesassomption.com\/wp-content\/uploads\/2025\/02\/Mex-3-1-150x150.jpg 150w\" sizes=\"(max-width: 720px) 100vw, 720px\" \/><\/figure>\n<\/figure>\n","protected":false},"excerpt":{"rendered":"<p>Initiative&nbsp;de Jean-Paul II&nbsp;en 1997, la journ\u00e9e de la&nbsp;vie consacr\u00e9e&nbsp;a lieu chaque ann\u00e9e le 2 f\u00e9vrier dans le but de mettre en lumi\u00e8re et de c\u00e9l\u00e9brer le r\u00f4le des consacr\u00e9s homme et femme&nbsp;au sein de l\u2019\u00c9glise. L\u2019objectif de cette journ\u00e9e est aussi de mieux conna\u00eetre et appr\u00e9cier la&nbsp;vie consacr\u00e9e. \u00ab En contemplant le don de la&nbsp;vie [&hellip;]<\/p>\n","protected":false},"author":1,"featured_media":4843,"comment_status":"open","ping_status":"open","sticky":false,"template":"","format":"standard","meta":{"footnotes":""},"categories":[38,8],"tags":[10],"class_list":["post-4838","post","type-post","status-publish","format-standard","has-post-thumbnail","hentry","category-mission","category-oblates-de-lassomption","tag-oblates-de-lassomption"],"_links":{"self":[{"href":"https:\/\/oblatesassomption.com\/index.php\/wp-json\/wp\/v2\/posts\/4838","targetHints":{"allow":["GET"]}}],"collection":[{"href":"https:\/\/oblatesassomption.com\/index.php\/wp-json\/wp\/v2\/posts"}],"about":[{"href":"https:\/\/oblatesassomption.com\/index.php\/wp-json\/wp\/v2\/types\/post"}],"author":[{"embeddable":true,"href":"https:\/\/oblatesassomption.com\/index.php\/wp-json\/wp\/v2\/users\/1"}],"replies":[{"embeddable":true,"href":"https:\/\/oblatesassomption.com\/index.php\/wp-json\/wp\/v2\/comments?post=4838"}],"version-history":[{"count":7,"href":"https:\/\/oblatesassomption.com\/index.php\/wp-json\/wp\/v2\/posts\/4838\/revisions"}],"predecessor-version":[{"id":4880,"href":"https:\/\/oblatesassomption.com\/index.php\/wp-json\/wp\/v2\/posts\/4838\/revisions\/4880"}],"wp:featuredmedia":[{"embeddable":true,"href":"https:\/\/oblatesassomption.com\/index.php\/wp-json\/wp\/v2\/media\/4843"}],"wp:attachment":[{"href":"https:\/\/oblatesassomption.com\/index.php\/wp-json\/wp\/v2\/media?parent=4838"}],"wp:term":[{"taxonomy":"category","embeddable":true,"href":"https:\/\/oblatesassomption.com\/index.php\/wp-json\/wp\/v2\/categories?post=4838"},{"taxonomy":"post_tag","embeddable":true,"href":"https:\/\/oblatesassomption.com\/index.php\/wp-json\/wp\/v2\/tags?post=4838"}],"curies":[{"name":"wp","href":"https:\/\/api.w.org\/{rel}","templated":true}]}}