{"id":4827,"date":"2025-01-30T18:51:17","date_gmt":"2025-01-30T17:51:17","guid":{"rendered":"https:\/\/oblatesassomption.com\/?p=4827"},"modified":"2025-01-30T18:51:17","modified_gmt":"2025-01-30T17:51:17","slug":"jubile-des-100-ans-en-roumanie-1925-2025","status":"publish","type":"post","link":"https:\/\/oblatesassomption.com\/index.php\/2025\/01\/30\/jubile-des-100-ans-en-roumanie-1925-2025\/","title":{"rendered":"Jubil\u00e9 des 100 ans en Roumanie 1925-2025"},"content":{"rendered":"\n<p>En 2025, nous aurons la joie de c\u00e9l\u00e9brer le Jubil\u00e9 des cent ans de pr\u00e9sence et de mission en Roumanie, au sein du peuple roumain et de l\u2019\u00c9glise locale des deux rites, latin et oriental.&nbsp;<\/p>\n\n\n\n<p>A cette occasion, une pri\u00e8re sp\u00e9ciale a \u00e9t\u00e9 compos\u00e9e par les s\u0153urs. Nous allons la prier chaque jour dans nos communaut\u00e9s et avec nos amis la\u00efcs. Si vous souhaitez vous joindre \u00e0 nous, nous vous la proposons ci-dessous.<\/p>\n\n\n\n<figure class=\"wp-block-gallery has-nested-images columns-default is-cropped wp-block-gallery-1 is-layout-flex wp-block-gallery-is-layout-flex\">\n<figure class=\"wp-block-image size-large\"><img fetchpriority=\"high\" decoding=\"async\" width=\"1024\" height=\"726\" data-id=\"4830\" src=\"https:\/\/oblatesassomption.com\/wp-content\/uploads\/2025\/01\/1-1-1024x726.png\" alt=\"\" class=\"wp-image-4830\" srcset=\"https:\/\/oblatesassomption.com\/wp-content\/uploads\/2025\/01\/1-1-1024x726.png 1024w, https:\/\/oblatesassomption.com\/wp-content\/uploads\/2025\/01\/1-1-300x213.png 300w, https:\/\/oblatesassomption.com\/wp-content\/uploads\/2025\/01\/1-1-768x545.png 768w, https:\/\/oblatesassomption.com\/wp-content\/uploads\/2025\/01\/1-1-1536x1090.png 1536w, https:\/\/oblatesassomption.com\/wp-content\/uploads\/2025\/01\/1-1.png 1748w\" sizes=\"(max-width: 1024px) 100vw, 1024px\" \/><\/figure>\n\n\n\n<figure class=\"wp-block-image size-large\"><img decoding=\"async\" width=\"1024\" height=\"726\" data-id=\"4832\" src=\"https:\/\/oblatesassomption.com\/wp-content\/uploads\/2025\/01\/4-1024x726.png\" alt=\"\" class=\"wp-image-4832\" srcset=\"https:\/\/oblatesassomption.com\/wp-content\/uploads\/2025\/01\/4-1024x726.png 1024w, https:\/\/oblatesassomption.com\/wp-content\/uploads\/2025\/01\/4-300x213.png 300w, https:\/\/oblatesassomption.com\/wp-content\/uploads\/2025\/01\/4-768x545.png 768w, https:\/\/oblatesassomption.com\/wp-content\/uploads\/2025\/01\/4-1536x1090.png 1536w, https:\/\/oblatesassomption.com\/wp-content\/uploads\/2025\/01\/4.png 1748w\" sizes=\"(max-width: 1024px) 100vw, 1024px\" \/><\/figure>\n\n\n\n<figure class=\"wp-block-image size-large\"><img decoding=\"async\" width=\"1024\" height=\"726\" data-id=\"4831\" src=\"https:\/\/oblatesassomption.com\/wp-content\/uploads\/2025\/01\/3-1024x726.png\" alt=\"\" class=\"wp-image-4831\" srcset=\"https:\/\/oblatesassomption.com\/wp-content\/uploads\/2025\/01\/3-1024x726.png 1024w, https:\/\/oblatesassomption.com\/wp-content\/uploads\/2025\/01\/3-300x213.png 300w, https:\/\/oblatesassomption.com\/wp-content\/uploads\/2025\/01\/3-768x545.png 768w, https:\/\/oblatesassomption.com\/wp-content\/uploads\/2025\/01\/3-1536x1090.png 1536w, https:\/\/oblatesassomption.com\/wp-content\/uploads\/2025\/01\/3.png 1748w\" sizes=\"(max-width: 1024px) 100vw, 1024px\" \/><\/figure>\n<\/figure>\n\n\n\n<p><em>Pour les personnes int\u00e9ress\u00e9es par la d\u00e9couverte d\u2019une partie de notre Mission d\u2019Orient, veuillez \u00e9crire \u00e0 l\u2019adresse&nbsp;suivante :<\/em>&nbsp;<a href=\"https:\/\/youthoaeu.wordpress.com\/oblatesyouth@gmail.com\">oblatesyouth@gmail.com<\/a><\/p>\n\n\n\n<p><strong>Monographie<\/strong>\u00a0\u00e0 d\u00e9couvrir, veuillez envoyer une demande \u00e0 l\u2019adresse suivante :\u00a0<a href=\"mailto:oblatesyouth@gmail.com\">oblatesyouth@gmail.com<\/a><\/p>\n\n\n\n<figure class=\"wp-block-gallery has-nested-images columns-default is-cropped wp-block-gallery-2 is-layout-flex wp-block-gallery-is-layout-flex\">\n<figure class=\"wp-block-image size-large\"><img loading=\"lazy\" decoding=\"async\" width=\"1024\" height=\"576\" data-id=\"4829\" src=\"https:\/\/oblatesassomption.com\/wp-content\/uploads\/2025\/01\/1-1024x576.png\" alt=\"\" class=\"wp-image-4829\" srcset=\"https:\/\/oblatesassomption.com\/wp-content\/uploads\/2025\/01\/1-1024x576.png 1024w, https:\/\/oblatesassomption.com\/wp-content\/uploads\/2025\/01\/1-300x169.png 300w, https:\/\/oblatesassomption.com\/wp-content\/uploads\/2025\/01\/1-768x432.png 768w, https:\/\/oblatesassomption.com\/wp-content\/uploads\/2025\/01\/1.png 1366w\" sizes=\"(max-width: 1024px) 100vw, 1024px\" \/><\/figure>\n\n\n\n<figure class=\"wp-block-image size-large\"><img loading=\"lazy\" decoding=\"async\" width=\"1024\" height=\"576\" data-id=\"4828\" src=\"https:\/\/oblatesassomption.com\/wp-content\/uploads\/2025\/01\/2-1024x576.png\" alt=\"\" class=\"wp-image-4828\" srcset=\"https:\/\/oblatesassomption.com\/wp-content\/uploads\/2025\/01\/2-1024x576.png 1024w, https:\/\/oblatesassomption.com\/wp-content\/uploads\/2025\/01\/2-300x169.png 300w, https:\/\/oblatesassomption.com\/wp-content\/uploads\/2025\/01\/2-768x432.png 768w, https:\/\/oblatesassomption.com\/wp-content\/uploads\/2025\/01\/2.png 1366w\" sizes=\"(max-width: 1024px) 100vw, 1024px\" \/><\/figure>\n<\/figure>\n\n\n\n<p><\/p>\n","protected":false},"excerpt":{"rendered":"<p>En 2025, nous aurons la joie de c\u00e9l\u00e9brer le Jubil\u00e9 des cent ans de pr\u00e9sence et de mission en Roumanie, au sein du peuple roumain et de l\u2019\u00c9glise locale des deux rites, latin et oriental.&nbsp; A cette occasion, une pri\u00e8re sp\u00e9ciale a \u00e9t\u00e9 compos\u00e9e par les s\u0153urs. Nous allons la prier chaque jour dans nos [&hellip;]<\/p>\n","protected":false},"author":1,"featured_media":4829,"comment_status":"open","ping_status":"open","sticky":false,"template":"","format":"standard","meta":{"footnotes":""},"categories":[38,8],"tags":[22,10],"class_list":["post-4827","post","type-post","status-publish","format-standard","has-post-thumbnail","hentry","category-mission","category-oblates-de-lassomption","tag-jubile","tag-oblates-de-lassomption"],"_links":{"self":[{"href":"https:\/\/oblatesassomption.com\/index.php\/wp-json\/wp\/v2\/posts\/4827","targetHints":{"allow":["GET"]}}],"collection":[{"href":"https:\/\/oblatesassomption.com\/index.php\/wp-json\/wp\/v2\/posts"}],"about":[{"href":"https:\/\/oblatesassomption.com\/index.php\/wp-json\/wp\/v2\/types\/post"}],"author":[{"embeddable":true,"href":"https:\/\/oblatesassomption.com\/index.php\/wp-json\/wp\/v2\/users\/1"}],"replies":[{"embeddable":true,"href":"https:\/\/oblatesassomption.com\/index.php\/wp-json\/wp\/v2\/comments?post=4827"}],"version-history":[{"count":1,"href":"https:\/\/oblatesassomption.com\/index.php\/wp-json\/wp\/v2\/posts\/4827\/revisions"}],"predecessor-version":[{"id":4833,"href":"https:\/\/oblatesassomption.com\/index.php\/wp-json\/wp\/v2\/posts\/4827\/revisions\/4833"}],"wp:featuredmedia":[{"embeddable":true,"href":"https:\/\/oblatesassomption.com\/index.php\/wp-json\/wp\/v2\/media\/4829"}],"wp:attachment":[{"href":"https:\/\/oblatesassomption.com\/index.php\/wp-json\/wp\/v2\/media?parent=4827"}],"wp:term":[{"taxonomy":"category","embeddable":true,"href":"https:\/\/oblatesassomption.com\/index.php\/wp-json\/wp\/v2\/categories?post=4827"},{"taxonomy":"post_tag","embeddable":true,"href":"https:\/\/oblatesassomption.com\/index.php\/wp-json\/wp\/v2\/tags?post=4827"}],"curies":[{"name":"wp","href":"https:\/\/api.w.org\/{rel}","templated":true}]}}