{"id":4740,"date":"2024-12-23T23:48:57","date_gmt":"2024-12-23T22:48:57","guid":{"rendered":"https:\/\/oblatesassomption.com\/?p=4740"},"modified":"2024-12-23T23:48:57","modified_gmt":"2024-12-23T22:48:57","slug":"jubile-2025-le-saint-pere-ouvrira-la-porte-sainte-de-la-basilique-saint-pierre-le-24-decembre-a-19h","status":"publish","type":"post","link":"https:\/\/oblatesassomption.com\/index.php\/2024\/12\/23\/jubile-2025-le-saint-pere-ouvrira-la-porte-sainte-de-la-basilique-saint-pierre-le-24-decembre-a-19h\/","title":{"rendered":"Jubil\u00e9 2025 : Le Saint-P\u00e8re ouvrira la Porte Sainte de la Basilique Saint-Pierre le 24 d\u00e9cembre \u00e0 19h"},"content":{"rendered":"\n<p>Le Jubil\u00e9 2025 s&rsquo;ouvrira officiellement le 24 d\u00e9cembre 2024 \u00e0 19h00, avec le rite d&rsquo;ouverture de la Porte Sainte de la Basilique Papale Saint-Pierre par le Saint-P\u00e8re, qui pr\u00e9sidera ensuite la c\u00e9l\u00e9bration de la Messe nocturne de la Nativit\u00e9 du Seigneur \u00e0 l&rsquo;int\u00e9rieur de la Basilique. Il sera possible de suivre l&rsquo;\u00e9v\u00e9nement uniquement gr\u00e2ce aux \u00e9crans g\u00e9ants install\u00e9s sur la place Saint-Pierre.<\/p>\n\n\n\n<p>Pour assister \u00e0 la messe depuis la place Saint-Pierre, il n&rsquo;est pas n\u00e9cessaire d&rsquo;avoir un billet. Il suffit de s&rsquo;inscrire \u00e0 l&rsquo;\u00e9v\u00e9nement sur le portail du site officiel du Jubil\u00e9 :\u00a0<a href=\"https:\/\/register.iubilaeum2025.va\/events\/8\">https:\/\/register.iubilaeum2025.va\/events\/8S&rsquo;inscrire<\/a><\/p>\n\n\n\n<p><em>Source : <a href=\"https:\/\/www.iubilaeum2025.va\/en.html\">https:\/\/www.iubilaeum2025.va\/en.html<\/a><\/em><\/p>\n\n\n\n<p><\/p>\n","protected":false},"excerpt":{"rendered":"<p>Le Jubil\u00e9 2025 s&rsquo;ouvrira officiellement le 24 d\u00e9cembre 2024 \u00e0 19h00, avec le rite d&rsquo;ouverture de la Porte Sainte de la Basilique Papale Saint-Pierre par le Saint-P\u00e8re, qui pr\u00e9sidera ensuite la c\u00e9l\u00e9bration de la Messe nocturne de la Nativit\u00e9 du Seigneur \u00e0 l&rsquo;int\u00e9rieur de la Basilique. Il sera possible de suivre l&rsquo;\u00e9v\u00e9nement uniquement gr\u00e2ce aux [&hellip;]<\/p>\n","protected":false},"author":1,"featured_media":4741,"comment_status":"open","ping_status":"open","sticky":false,"template":"","format":"standard","meta":{"footnotes":""},"categories":[40,8],"tags":[22,10],"class_list":["post-4740","post","type-post","status-publish","format-standard","has-post-thumbnail","hentry","category-eglise","category-oblates-de-lassomption","tag-jubile","tag-oblates-de-lassomption"],"_links":{"self":[{"href":"https:\/\/oblatesassomption.com\/index.php\/wp-json\/wp\/v2\/posts\/4740","targetHints":{"allow":["GET"]}}],"collection":[{"href":"https:\/\/oblatesassomption.com\/index.php\/wp-json\/wp\/v2\/posts"}],"about":[{"href":"https:\/\/oblatesassomption.com\/index.php\/wp-json\/wp\/v2\/types\/post"}],"author":[{"embeddable":true,"href":"https:\/\/oblatesassomption.com\/index.php\/wp-json\/wp\/v2\/users\/1"}],"replies":[{"embeddable":true,"href":"https:\/\/oblatesassomption.com\/index.php\/wp-json\/wp\/v2\/comments?post=4740"}],"version-history":[{"count":1,"href":"https:\/\/oblatesassomption.com\/index.php\/wp-json\/wp\/v2\/posts\/4740\/revisions"}],"predecessor-version":[{"id":4742,"href":"https:\/\/oblatesassomption.com\/index.php\/wp-json\/wp\/v2\/posts\/4740\/revisions\/4742"}],"wp:featuredmedia":[{"embeddable":true,"href":"https:\/\/oblatesassomption.com\/index.php\/wp-json\/wp\/v2\/media\/4741"}],"wp:attachment":[{"href":"https:\/\/oblatesassomption.com\/index.php\/wp-json\/wp\/v2\/media?parent=4740"}],"wp:term":[{"taxonomy":"category","embeddable":true,"href":"https:\/\/oblatesassomption.com\/index.php\/wp-json\/wp\/v2\/categories?post=4740"},{"taxonomy":"post_tag","embeddable":true,"href":"https:\/\/oblatesassomption.com\/index.php\/wp-json\/wp\/v2\/tags?post=4740"}],"curies":[{"name":"wp","href":"https:\/\/api.w.org\/{rel}","templated":true}]}}