{"id":4724,"date":"2024-12-09T16:39:19","date_gmt":"2024-12-09T15:39:19","guid":{"rendered":"https:\/\/oblatesassomption.com\/?p=4724"},"modified":"2024-12-09T16:56:02","modified_gmt":"2024-12-09T15:56:02","slug":"en-decembre-francois-invite-a-prier-pour-les-pelerins-de-lesperance","status":"publish","type":"post","link":"https:\/\/oblatesassomption.com\/index.php\/2024\/12\/09\/en-decembre-francois-invite-a-prier-pour-les-pelerins-de-lesperance\/","title":{"rendered":"En d\u00e9cembre, Fran\u00e7ois invite \u00e0 prier pour les p\u00e8lerins de l\u2019esp\u00e9rance"},"content":{"rendered":"\n<p>Pour le mois de d\u00e9cembre, \u00e0 quelques jours de l\u2019ouverture du Jubil\u00e9, le Pape Fran\u00e7ois invite l\u2019\u00c9glise universelle \u00e0 prier pour les p\u00e8lerins de l\u2019esp\u00e9rance.<\/p>\n\n\n\n<p><em>\u00abL\u2019esp\u00e9rance chr\u00e9tienne est un don de Dieu qui remplit notre vie de joie. Et aujourd\u2019hui, nous en avons tellement besoin. Le monde en a tellement besoin\u00bb,<\/em>&nbsp;explique le Pape Fran\u00e7ois dans la vid\u00e9o pr\u00e9sentant l\u2019intention de pri\u00e8re pour le mois de d\u00e9cembre.<\/p>\n\n\n\n<p><em>\u00abQuand on ignore si demain on pourra donner \u00e0 manger \u00e0 ses enfants, ou si nos \u00e9tudes nous permettront d\u2019avoir un travail digne, il est facile de tomber dans le d\u00e9couragement\u00bb,&nbsp;<\/em>continue-t-il dans la vid\u00e9o publi\u00e9e par le R\u00e9seau mondial de pri\u00e8re du Pape.<\/p>\n\n\n\n<h3 class=\"wp-block-heading\"><strong>Ann\u00e9e jubilaire<\/strong><\/h3>\n\n\n\n<p>\u00ab<em>O\u00f9 chercher l\u2019esp\u00e9rance? L\u2019esp\u00e9rance est une ancre<\/em>\u00bb, estime le Souverain pontife, cl\u00f4turant ce cycle annuel de pri\u00e8re avec des encouragements, \u00ab<em>nous devons nous accrocher \u00e0 la corde de l\u2019esp\u00e9rance<\/em>\u00bb, invite-t-il. \u00ab<em>Engageons-nous sur le chemin en tant que p\u00e8lerins de l\u2019esp\u00e9rance afin de c\u00e9l\u00e9brer la vie, le prochain Jubil\u00e9 \u00e9tant une \u00e9tape de ce parcours\u00bb. &nbsp;<\/em><\/p>\n\n\n\n<p>Une vid\u00e9o qui s\u2019ach\u00e8ve avec un appel, \u00ab<em>Remplissons notre vie quotidienne du don que Dieu nous fait de l\u2019esp\u00e9rance, et permettons qu\u2019elle atteigne, \u00e0 travers nous, tous ceux qui la cherchent\u00bb.<\/em><\/p>\n\n\n\n<h3 class=\"wp-block-heading\"><strong>Spes non confundit<\/strong><\/h3>\n\n\n\n<p><em>Spes non confundit<\/em>, l&rsquo;esp\u00e9rance ne d\u00e9\u00e7oit pas, est le titre de la&nbsp;<a href=\"https:\/\/www.vatican.va\/content\/francesco\/fr\/bulls\/documents\/20240509_spes-non-confundit_bolla-giubileo2025.html\">Bulle d&rsquo;indiction<\/a>&nbsp;du Jubil\u00e9 ordinaire, d\u00e9voil\u00e9e aux \u00c9glises des cinq continents lors des deuxi\u00e8mes v\u00eapres de la solennit\u00e9 de l&rsquo;Ascension le 9 mai 2024. La bulle, divis\u00e9e en 25 points, contient des supplications, des propositions, des appels pour les prisonniers, les malades, les personnes \u00e2g\u00e9es, les pauvres, les jeunes, et annonce les nouveaut\u00e9s d&rsquo;une Ann\u00e9e Sainte qui aura pour th\u00e8me&nbsp;<em>\u00abP\u00e8lerins de l&rsquo;esp\u00e9rance\u00bb<\/em>.<\/p>\n\n\n\n<figure class=\"wp-block-embed is-type-video is-provider-youtube wp-block-embed-youtube wp-embed-aspect-16-9 wp-has-aspect-ratio\"><div class=\"wp-block-embed__wrapper\">\n<iframe title=\"Pour les p\u00e8lerins de l\u2019esp\u00e9rance \u2013 La Vid\u00e9o du Pape \u2013 D\u00e9cembre 2024\" width=\"800\" height=\"450\" src=\"https:\/\/www.youtube.com\/embed\/qqFL5IILt50?start=1&#038;feature=oembed\" frameborder=\"0\" allow=\"accelerometer; autoplay; clipboard-write; encrypted-media; gyroscope; picture-in-picture; web-share\" referrerpolicy=\"strict-origin-when-cross-origin\" allowfullscreen><\/iframe>\n<\/div><\/figure>\n\n\n\n<p>Source : <a href=\"https:\/\/www.vaticannews.va\/\">https:\/\/www.vaticannews.va<\/a><\/p>\n\n\n\n<p><\/p>\n","protected":false},"excerpt":{"rendered":"<p>Pour le mois de d\u00e9cembre, \u00e0 quelques jours de l\u2019ouverture du Jubil\u00e9, le Pape Fran\u00e7ois invite l\u2019\u00c9glise universelle \u00e0 prier pour les p\u00e8lerins de l\u2019esp\u00e9rance. \u00abL\u2019esp\u00e9rance chr\u00e9tienne est un don de Dieu qui remplit notre vie de joie. Et aujourd\u2019hui, nous en avons tellement besoin. Le monde en a tellement besoin\u00bb,&nbsp;explique le Pape Fran\u00e7ois dans [&hellip;]<\/p>\n","protected":false},"author":1,"featured_media":4731,"comment_status":"open","ping_status":"open","sticky":false,"template":"","format":"standard","meta":{"footnotes":""},"categories":[40,8],"tags":[42,22,41],"class_list":["post-4724","post","type-post","status-publish","format-standard","has-post-thumbnail","hentry","category-eglise","category-oblates-de-lassomption","tag-hope","tag-jubile","tag-pelerins-de-lesperance"],"_links":{"self":[{"href":"https:\/\/oblatesassomption.com\/index.php\/wp-json\/wp\/v2\/posts\/4724","targetHints":{"allow":["GET"]}}],"collection":[{"href":"https:\/\/oblatesassomption.com\/index.php\/wp-json\/wp\/v2\/posts"}],"about":[{"href":"https:\/\/oblatesassomption.com\/index.php\/wp-json\/wp\/v2\/types\/post"}],"author":[{"embeddable":true,"href":"https:\/\/oblatesassomption.com\/index.php\/wp-json\/wp\/v2\/users\/1"}],"replies":[{"embeddable":true,"href":"https:\/\/oblatesassomption.com\/index.php\/wp-json\/wp\/v2\/comments?post=4724"}],"version-history":[{"count":2,"href":"https:\/\/oblatesassomption.com\/index.php\/wp-json\/wp\/v2\/posts\/4724\/revisions"}],"predecessor-version":[{"id":4729,"href":"https:\/\/oblatesassomption.com\/index.php\/wp-json\/wp\/v2\/posts\/4724\/revisions\/4729"}],"wp:featuredmedia":[{"embeddable":true,"href":"https:\/\/oblatesassomption.com\/index.php\/wp-json\/wp\/v2\/media\/4731"}],"wp:attachment":[{"href":"https:\/\/oblatesassomption.com\/index.php\/wp-json\/wp\/v2\/media?parent=4724"}],"wp:term":[{"taxonomy":"category","embeddable":true,"href":"https:\/\/oblatesassomption.com\/index.php\/wp-json\/wp\/v2\/categories?post=4724"},{"taxonomy":"post_tag","embeddable":true,"href":"https:\/\/oblatesassomption.com\/index.php\/wp-json\/wp\/v2\/tags?post=4724"}],"curies":[{"name":"wp","href":"https:\/\/api.w.org\/{rel}","templated":true}]}}