{"id":2529,"date":"2024-09-27T16:26:30","date_gmt":"2024-09-27T14:26:30","guid":{"rendered":"https:\/\/oblatesassomption.com\/?p=2529"},"modified":"2024-10-07T16:33:48","modified_gmt":"2024-10-07T14:33:48","slug":"une-priere-un-appel-un-charisme","status":"publish","type":"post","link":"https:\/\/oblatesassomption.com\/index.php\/2024\/09\/27\/une-priere-un-appel-un-charisme\/","title":{"rendered":"UNE PRI\u00c8RE \u2013 UN APPEL \u2013 UN CHARISME"},"content":{"rendered":"<div class=\"wp-block-image\">\n<figure class=\"alignleft size-large is-resized\"><img fetchpriority=\"high\" decoding=\"async\" width=\"1024\" height=\"768\" src=\"https:\/\/oblatesassomption.com\/wp-content\/uploads\/2024\/09\/IMG_5088-1024x768.jpg\" alt=\"\" class=\"wp-image-2531\" style=\"width:368px;height:auto\" srcset=\"https:\/\/oblatesassomption.com\/wp-content\/uploads\/2024\/09\/IMG_5088-1024x768.jpg 1024w, https:\/\/oblatesassomption.com\/wp-content\/uploads\/2024\/09\/IMG_5088-300x225.jpg 300w, https:\/\/oblatesassomption.com\/wp-content\/uploads\/2024\/09\/IMG_5088-768x576.jpg 768w, https:\/\/oblatesassomption.com\/wp-content\/uploads\/2024\/09\/IMG_5088-1536x1152.jpg 1536w, https:\/\/oblatesassomption.com\/wp-content\/uploads\/2024\/09\/IMG_5088-2048x1536.jpg 2048w\" sizes=\"(max-width: 1024px) 100vw, 1024px\" \/><\/figure>\n<\/div>\n\n\n<p>Aujourd\u2019hui, 21 septembre 2024, le nouveau groupe des La\u00efcs Associ\u00e9s de l\u2019Assomption a \u00e9t\u00e9 convoqu\u00e9 pour sa premi\u00e8re r\u00e9union. Date propice en la f\u00eate de saint Matthieu, autrefois appel\u00e9 L\u00e9vi, collecteur d&rsquo;imp\u00f4ts et auteur d&rsquo;un \u00e9vangile. Ce jour en effet \u2013 o\u00f9 J\u00e9sus regarde Matthieu dans son bureau de collecteur d&rsquo;imp\u00f4ts et lui dit&nbsp;: <strong>\u00ab Suis-Moi \u00bb.&nbsp;&nbsp;<\/strong>&nbsp;&nbsp;<br>\u00c0 l&rsquo;initiative de S\u0153ur Julienne, des Oblates de l&rsquo;Assomption et organis\u00e9e avec succ\u00e8s, cette journ\u00e9e nourrissante, a \u00e9t\u00e9 anim\u00e9e par le P\u00e8re Tom, Augustin de l\u2019Assomption. Notre petit groupe s&rsquo;est r\u00e9uni avec un seul but : servir Dieu et la communaut\u00e9 dans son ensemble, quels que soient les capacit\u00e9s et les dons ou charismes que Dieu nous a donn\u00e9s \u00e0 partager avec les autres. Nous avons pri\u00e9, nous avons \u00e9cout\u00e9, nous avons ri, nous avons appr\u00e9ci\u00e9 le d\u00e9jeuner ensemble au couvent des Oblates de l&rsquo;Assomption \u00e0 l\u2019Est de Londres.<\/p>\n\n\n\n<p>Voici ce qu\u2019un participant dit de la journ\u00e9e&nbsp;:<\/p>\n\n\n<div class=\"wp-block-image\">\n<figure class=\"alignleft size-large is-resized\"><a href=\"https:\/\/soeursoblatesassomption.wordpress.com\/wp-content\/uploads\/2024\/09\/img_5083.jpg\"><img decoding=\"async\" src=\"https:\/\/soeursoblatesassomption.wordpress.com\/wp-content\/uploads\/2024\/09\/img_5083.jpg?w=768\" alt=\"\" class=\"wp-image-10869\" style=\"width:349px;height:auto\"\/><\/a><\/figure>\n<\/div>\n\n\n<p class=\"has-text-align-left\">\u00ab Le P\u00e8re Tom partage toujours les enseignements perspicaces des Assomptionnistes. Son discours d\u2019hier a \u00e9t\u00e9 \u00e9galement inspirant. Il a parl\u00e9 du charisme, ce qui m\u2019a permis de r\u00e9fl\u00e9chir sur mon propre cheminement personnel avec l\u2019Esprit Saint. Il m\u2019a rappel\u00e9 que Dieu reste en moi, comme mon guide. J\u2019ai quitt\u00e9 la r\u00e9union en me sentant plus \u00e9clair\u00e9 et b\u00e9ni. J\u2019ai h\u00e2te d\u2019apprendre davantage sur les enseignements des la\u00efcs de d\u2019Alzon, avec un groupe de personnes ayant la m\u00eame curiosit\u00e9 \u00bb.<br><br>Ainsi, sous les auspices des Associ\u00e9s La\u00efcs de l&rsquo;Assomption, nous, qui avons \u00e9t\u00e9 appel\u00e9s aujourd&rsquo;hui, comme Matthieu, serons guid\u00e9s par le Saint-Esprit, veill\u00e9s et interc\u00e9d\u00e9s en notre faveur par la Sainte M\u00e8re, pour faire la volont\u00e9 de Dieu&nbsp;&#8211; r\u00e9pandre le v\u00e9ritable but de l&rsquo;\u00c9vangile &#8211; l&rsquo;Amour. <\/p>\n\n\n\n<p><\/p>\n\n\n\n<p class=\"has-text-align-right\">\u00a9 Texte Mohini Chatlani<br>Associ\u00e9 La\u00efc<\/p>\n","protected":false},"excerpt":{"rendered":"<p>Aujourd\u2019hui, 21 septembre 2024, le nouveau groupe des La\u00efcs Associ\u00e9s de l\u2019Assomption a \u00e9t\u00e9 convoqu\u00e9 pour sa premi\u00e8re r\u00e9union. Date propice en la f\u00eate de saint Matthieu, autrefois appel\u00e9 L\u00e9vi, collecteur d&rsquo;imp\u00f4ts et auteur d&rsquo;un \u00e9vangile. Ce jour en effet \u2013 o\u00f9 J\u00e9sus regarde Matthieu dans son bureau de collecteur d&rsquo;imp\u00f4ts et lui dit&nbsp;: \u00ab [&hellip;]<\/p>\n","protected":false},"author":1,"featured_media":2531,"comment_status":"open","ping_status":"open","sticky":false,"template":"","format":"standard","meta":{"footnotes":""},"categories":[25,37,8],"tags":[31,32,10,11],"class_list":["post-2529","post","type-post","status-publish","format-standard","has-post-thumbnail","hentry","category-famille-de-lassomption","category-laics-associes-de-lassomption","category-oblates-de-lassomption","tag-fraternite-dalzon","tag-laicat","tag-oblates-de-lassomption","tag-soeurs-oblates-de-lassomption"],"_links":{"self":[{"href":"https:\/\/oblatesassomption.com\/index.php\/wp-json\/wp\/v2\/posts\/2529","targetHints":{"allow":["GET"]}}],"collection":[{"href":"https:\/\/oblatesassomption.com\/index.php\/wp-json\/wp\/v2\/posts"}],"about":[{"href":"https:\/\/oblatesassomption.com\/index.php\/wp-json\/wp\/v2\/types\/post"}],"author":[{"embeddable":true,"href":"https:\/\/oblatesassomption.com\/index.php\/wp-json\/wp\/v2\/users\/1"}],"replies":[{"embeddable":true,"href":"https:\/\/oblatesassomption.com\/index.php\/wp-json\/wp\/v2\/comments?post=2529"}],"version-history":[{"count":2,"href":"https:\/\/oblatesassomption.com\/index.php\/wp-json\/wp\/v2\/posts\/2529\/revisions"}],"predecessor-version":[{"id":4658,"href":"https:\/\/oblatesassomption.com\/index.php\/wp-json\/wp\/v2\/posts\/2529\/revisions\/4658"}],"wp:featuredmedia":[{"embeddable":true,"href":"https:\/\/oblatesassomption.com\/index.php\/wp-json\/wp\/v2\/media\/2531"}],"wp:attachment":[{"href":"https:\/\/oblatesassomption.com\/index.php\/wp-json\/wp\/v2\/media?parent=2529"}],"wp:term":[{"taxonomy":"category","embeddable":true,"href":"https:\/\/oblatesassomption.com\/index.php\/wp-json\/wp\/v2\/categories?post=2529"},{"taxonomy":"post_tag","embeddable":true,"href":"https:\/\/oblatesassomption.com\/index.php\/wp-json\/wp\/v2\/tags?post=2529"}],"curies":[{"name":"wp","href":"https:\/\/api.w.org\/{rel}","templated":true}]}}