{"id":2242,"date":"2024-09-06T18:02:27","date_gmt":"2024-09-06T16:02:27","guid":{"rendered":"https:\/\/oblatesassomption.com\/?p=2242"},"modified":"2024-09-06T18:02:27","modified_gmt":"2024-09-06T16:02:27","slug":"bonne-nouvelle-chez-les-ra","status":"publish","type":"post","link":"https:\/\/oblatesassomption.com\/index.php\/2024\/09\/06\/bonne-nouvelle-chez-les-ra\/","title":{"rendered":"Bonne nouvelle chez les RA !"},"content":{"rendered":"\n<p class=\"has-text-align-center\"><strong><mark style=\"background-color:rgba(0, 0, 0, 0)\" class=\"has-inline-color has-vivid-cyan-blue-color\">SR REKHA CHENNATTU A \u00c9T\u00c9 R\u00c9\u00c9LUE SUP\u00c9RIEURE G\u00c9N\u00c9RALE<\/mark><\/strong><\/p>\n\n\n\n<p>Aujourd&rsquo;hui S\u0153ur Sr Rekha (Mary Joseph) CHENNATTU (Province &#8211; Inde) a \u00e9t\u00e9 r\u00e9\u00e9lue Sup\u00e9rieure G\u00e9n\u00e9rale des Religieuses de l&rsquo;Assomption. Mgr Laurent Ulrich, archev\u00eaque de Paris, a pr\u00e9sid\u00e9 l&rsquo;\u00e9lection.<\/p>\n\n\n\n<ul class=\"wp-block-list\">\n<li>Vid\u00e9o de la c\u00e9l\u00e9bration de l&rsquo;Eucharistie:&nbsp;<a href=\"https:\/\/youtu.be\/Tb8Z8QibxkE\">https:\/\/youtu.be\/Tb8Z8QibxkE<\/a> <\/li>\n\n\n\n<li>Vid\u00e9o du rite de proclamation:&nbsp;<a href=\"https:\/\/youtube.com\/live\/60B5Z5ZAfmU?feature=share\">https:\/\/youtube.com\/live\/60B5Z5ZAfmU?feature=share<\/a><\/li>\n\n\n\n<li>Photos:&nbsp;<a href=\"https:\/\/photos.app.goo.gl\/6BNZ24c6k1Ey4YzT6\">https:\/\/photos.app.goo.gl\/6BNZ24c6k1Ey4YzT6<\/a><\/li>\n<\/ul>\n\n\n\n<p>Unis dans l&rsquo;action de gr\u00e2ce et la pri\u00e8re pour que le Seigneur b\u00e9nisse S\u0153ur Rekha dans sa mission !<\/p>\n","protected":false},"excerpt":{"rendered":"<p>SR REKHA CHENNATTU A \u00c9T\u00c9 R\u00c9\u00c9LUE SUP\u00c9RIEURE G\u00c9N\u00c9RALE Aujourd&rsquo;hui S\u0153ur Sr Rekha (Mary Joseph) CHENNATTU (Province &#8211; Inde) a \u00e9t\u00e9 r\u00e9\u00e9lue Sup\u00e9rieure G\u00e9n\u00e9rale des Religieuses de l&rsquo;Assomption. Mgr Laurent Ulrich, archev\u00eaque de Paris, a pr\u00e9sid\u00e9 l&rsquo;\u00e9lection. Unis dans l&rsquo;action de gr\u00e2ce et la pri\u00e8re pour que le Seigneur b\u00e9nisse S\u0153ur Rekha dans sa mission !<\/p>\n","protected":false},"author":1,"featured_media":2243,"comment_status":"open","ping_status":"open","sticky":false,"template":"","format":"standard","meta":{"footnotes":""},"categories":[27,25,24],"tags":[30,29,28],"class_list":["post-2242","post","type-post","status-publish","format-standard","has-post-thumbnail","hentry","category-chapitre-general","category-famille-de-lassomption","category-religieuses-de-lassomption","tag-chapitre-general","tag-famille-de-lassomption","tag-religieuses-de-lassomption"],"_links":{"self":[{"href":"https:\/\/oblatesassomption.com\/index.php\/wp-json\/wp\/v2\/posts\/2242","targetHints":{"allow":["GET"]}}],"collection":[{"href":"https:\/\/oblatesassomption.com\/index.php\/wp-json\/wp\/v2\/posts"}],"about":[{"href":"https:\/\/oblatesassomption.com\/index.php\/wp-json\/wp\/v2\/types\/post"}],"author":[{"embeddable":true,"href":"https:\/\/oblatesassomption.com\/index.php\/wp-json\/wp\/v2\/users\/1"}],"replies":[{"embeddable":true,"href":"https:\/\/oblatesassomption.com\/index.php\/wp-json\/wp\/v2\/comments?post=2242"}],"version-history":[{"count":1,"href":"https:\/\/oblatesassomption.com\/index.php\/wp-json\/wp\/v2\/posts\/2242\/revisions"}],"predecessor-version":[{"id":2244,"href":"https:\/\/oblatesassomption.com\/index.php\/wp-json\/wp\/v2\/posts\/2242\/revisions\/2244"}],"wp:featuredmedia":[{"embeddable":true,"href":"https:\/\/oblatesassomption.com\/index.php\/wp-json\/wp\/v2\/media\/2243"}],"wp:attachment":[{"href":"https:\/\/oblatesassomption.com\/index.php\/wp-json\/wp\/v2\/media?parent=2242"}],"wp:term":[{"taxonomy":"category","embeddable":true,"href":"https:\/\/oblatesassomption.com\/index.php\/wp-json\/wp\/v2\/categories?post=2242"},{"taxonomy":"post_tag","embeddable":true,"href":"https:\/\/oblatesassomption.com\/index.php\/wp-json\/wp\/v2\/tags?post=2242"}],"curies":[{"name":"wp","href":"https:\/\/api.w.org\/{rel}","templated":true}]}}