{"id":2237,"date":"2024-09-06T17:54:34","date_gmt":"2024-09-06T15:54:34","guid":{"rendered":"https:\/\/oblatesassomption.com\/?p=2237"},"modified":"2024-09-06T17:55:01","modified_gmt":"2024-09-06T15:55:01","slug":"30eme-chapitre-general-des-religieuses-de-lassomption","status":"publish","type":"post","link":"https:\/\/oblatesassomption.com\/index.php\/2024\/09\/06\/30eme-chapitre-general-des-religieuses-de-lassomption\/","title":{"rendered":"30\u00e8me Chapitre g\u00e9n\u00e9ral des Religieuses de l&rsquo;Assomption"},"content":{"rendered":"\n<p class=\"has-text-align-left\"><em><strong>Le Chapitre G\u00e9n\u00e9ral est une assembl\u00e9e fraternelle de S\u0153urs, expression vivante de l\u2019unit\u00e9 de la Congr\u00e9gation.&nbsp;Compos\u00e9e de membres \u00e9lues, repr\u00e9sentantes des Communaut\u00e9s et membres de droit, cette assembl\u00e9e se r\u00e9unit tous les 6 ans.&nbsp;Temps de pri\u00e8re, de discernement et de c\u00e9l\u00e9bration\u2026pour chercher ensemble les orientations \u00e0 vivre pour les 6 ann\u00e9es \u00e0 venir et \u00e9lire l\u2019\u00e9quipe g\u00e9n\u00e9rale charg\u00e9e de l\u2019animation et de la communion de la Congr\u00e9gation.<\/strong><\/em><\/p>\n\n\n\n<p>Nous unissons nos pri\u00e8res \u00e0 celles de nos s\u0153urs <strong>Religieuses de l&rsquo;Assomption<\/strong> qui vivent leur <mark style=\"background-color:rgba(0, 0, 0, 0)\" class=\"has-inline-color has-luminous-vivid-orange-color\"><strong>30e Chapitre g\u00e9n\u00e9ral<\/strong> <\/mark>\u00e0 partir de la devise : <a href=\"https:\/\/assumpta.org\/fr\/actualites\/logo-chapitre-general-2024\">\u00abPouss\u00e9s par l\u2019ESPRIT, en dialogue avec nos r\u00e9alit\u00e9s, nous discernons de nouveaux Chemins de Synodalit\u00e9 pour notre temps. METANOIA \u2013 MISSION PROPH\u00c9TIQUE \u2013 CULTURE DU SOIN. \u00bb<\/a>&nbsp;<\/p>\n\n\n\n<p class=\"has-medium-font-size\"><strong>Que l&rsquo;Esprit Saint accompagne et encourage le travail de pr\u00e9paration de ce Chapitre qui d\u00e9butera le 29 juin 2024<\/strong>.<\/p>\n\n\n\n<p>Voici quelques liens des transmissions en direct des c\u00e9l\u00e9brations les plus pertinentes :<\/p>\n\n\n\n<ul class=\"wp-block-list\">\n<li>Liturgie d&rsquo;ouverture CG 2024 &#8211; 29.06.2024 &#8211; 9 am (heure parisienne)&nbsp;<a href=\"https:\/\/youtube.com\/live\/okuUM3qrJ4w?feature=share\">https:\/\/youtube.com\/live\/okuUM3qrJ4w?feature=share<\/a><\/li>\n<\/ul>\n\n\n\n<p><\/p>\n\n\n\n<ul class=\"wp-block-list\">\n<li>Eucharistie d&rsquo;ouverture CG &#8211; 29.06.2024 &#8211; 4.30&nbsp;pm (heure parisienne)&nbsp;<a href=\"https:\/\/youtube.com\/live\/LLSB8zHqcHk?feature=share\">https:\/\/youtube.com\/live\/LLSB8zHqcHk?feature=share<\/a><\/li>\n<\/ul>\n\n\n\n<p><\/p>\n\n\n\n<ul class=\"wp-block-list\">\n<li>Eucharistie d&rsquo;action de gr\u00e2ce pour la vie et la mission de S\u0153ur Diana de l\u2019Annonciation, Sup\u00e9rieure G\u00e9n\u00e9rale des Religieuses de l\u2019Assomption (2006-2012) &#8211; 02.07.2024 \u2013 6.30 pm (heure parisienne)&nbsp;<a href=\"https:\/\/youtube.com\/live\/LS01G_ZnSi0?feature=share\">https:\/\/youtube.com\/live\/LS01G_ZnSi0?feature=share<\/a><\/li>\n<\/ul>\n\n\n\n<p><\/p>\n\n\n\n<ul class=\"wp-block-list\">\n<li>Profession des premiers v\u0153ux&nbsp;: S\u0153ur Larissa de Jes\u00fas &#8211; S\u0153ur Marie de la Trinit\u00e9 &#8211; S\u0153ur Valeria de J\u00e9sus le Fils de Dieu &#8211; S\u0153ur C\u00e9lestine de l&rsquo;Incarnation \u2013 03.07.2024 \u2013 6.00 pm (heure parisienne)&nbsp;<a href=\"https:\/\/youtube.com\/live\/QlFvwUED4hA?feature=share\">https:\/\/youtube.com\/live\/QlFvwUED4hA?feature=share<\/a><\/li>\n<\/ul>\n\n\n\n<p class=\"has-text-align-center\">Vous pouvez suivre les nouvelles du Chapitre a travers le <a href=\"https:\/\/assumpta.org\/fr\/\" target=\"_blank\" rel=\"noreferrer noopener\">site web<\/a> des Religieuses de l&rsquo;Assomption :<\/p>\n\n\n\n<p class=\"has-text-align-center\"><a href=\"https:\/\/assumpta.org\/fr\/\" target=\"_blank\" rel=\"noreferrer noopener\">https:\/\/assumpta.org\/fr\/<\/a><\/p>\n\n\n\n<p class=\"has-text-align-center\"><strong>Unis dans la pri\u00e8re pour les fruits du Chapitre g\u00e9n\u00e9ral 20<\/strong><\/p>\n\n\n\n<p><\/p>\n","protected":false},"excerpt":{"rendered":"<p>Le Chapitre G\u00e9n\u00e9ral est une assembl\u00e9e fraternelle de S\u0153urs, expression vivante de l\u2019unit\u00e9 de la Congr\u00e9gation.&nbsp;Compos\u00e9e de membres \u00e9lues, repr\u00e9sentantes des Communaut\u00e9s et membres de droit, cette assembl\u00e9e se r\u00e9unit tous les 6 ans.&nbsp;Temps de pri\u00e8re, de discernement et de c\u00e9l\u00e9bration\u2026pour chercher ensemble les orientations \u00e0 vivre pour les 6 ann\u00e9es \u00e0 venir et \u00e9lire [&hellip;]<\/p>\n","protected":false},"author":1,"featured_media":2238,"comment_status":"open","ping_status":"open","sticky":false,"template":"","format":"standard","meta":{"footnotes":""},"categories":[27,25,24],"tags":[30,29,28],"class_list":["post-2237","post","type-post","status-publish","format-standard","has-post-thumbnail","hentry","category-chapitre-general","category-famille-de-lassomption","category-religieuses-de-lassomption","tag-chapitre-general","tag-famille-de-lassomption","tag-religieuses-de-lassomption"],"_links":{"self":[{"href":"https:\/\/oblatesassomption.com\/index.php\/wp-json\/wp\/v2\/posts\/2237","targetHints":{"allow":["GET"]}}],"collection":[{"href":"https:\/\/oblatesassomption.com\/index.php\/wp-json\/wp\/v2\/posts"}],"about":[{"href":"https:\/\/oblatesassomption.com\/index.php\/wp-json\/wp\/v2\/types\/post"}],"author":[{"embeddable":true,"href":"https:\/\/oblatesassomption.com\/index.php\/wp-json\/wp\/v2\/users\/1"}],"replies":[{"embeddable":true,"href":"https:\/\/oblatesassomption.com\/index.php\/wp-json\/wp\/v2\/comments?post=2237"}],"version-history":[{"count":2,"href":"https:\/\/oblatesassomption.com\/index.php\/wp-json\/wp\/v2\/posts\/2237\/revisions"}],"predecessor-version":[{"id":2241,"href":"https:\/\/oblatesassomption.com\/index.php\/wp-json\/wp\/v2\/posts\/2237\/revisions\/2241"}],"wp:featuredmedia":[{"embeddable":true,"href":"https:\/\/oblatesassomption.com\/index.php\/wp-json\/wp\/v2\/media\/2238"}],"wp:attachment":[{"href":"https:\/\/oblatesassomption.com\/index.php\/wp-json\/wp\/v2\/media?parent=2237"}],"wp:term":[{"taxonomy":"category","embeddable":true,"href":"https:\/\/oblatesassomption.com\/index.php\/wp-json\/wp\/v2\/categories?post=2237"},{"taxonomy":"post_tag","embeddable":true,"href":"https:\/\/oblatesassomption.com\/index.php\/wp-json\/wp\/v2\/tags?post=2237"}],"curies":[{"name":"wp","href":"https:\/\/api.w.org\/{rel}","templated":true}]}}