{"id":2233,"date":"2024-09-06T17:48:56","date_gmt":"2024-09-06T15:48:56","guid":{"rendered":"https:\/\/oblatesassomption.com\/?p=2233"},"modified":"2024-09-06T17:48:56","modified_gmt":"2024-09-06T15:48:56","slug":"les-freres-assomptionnistes-de-roumanie-en-fete","status":"publish","type":"post","link":"https:\/\/oblatesassomption.com\/index.php\/2024\/09\/06\/les-freres-assomptionnistes-de-roumanie-en-fete\/","title":{"rendered":"Les Fr\u00e8res Assomptionnistes de Roumanie en f\u00eate"},"content":{"rendered":"\n<p>Nos Fr\u00e8res Augustins de l\u2019Assomption viennent de vivre un moment important de leur histoire dans la Mission d\u2019Orient&nbsp;:<\/p>\n\n\n\n<p class=\"has-text-align-center has-large-font-size\"><em><strong><mark style=\"background-color:rgba(0, 0, 0, 0)\" class=\"has-inline-color has-vivid-cyan-blue-color\">les 100 ans de pr\u00e9sence en Roumanie.<\/mark><\/strong><\/em><\/p>\n\n\n\n<p>Durant l\u2019ann\u00e9e 2023-2024, ils ont marqu\u00e9 le centenaire de leur mission en terre roumaine par de nombreux \u00e9v\u00e9nements, manifestations, conf\u00e9rences, rencontres, p\u00e8lerinages, etc. auxquelles ils ont associ\u00e9 des amis la\u00efcs et du monde religieux \u0153cum\u00e9nique ainsi que leurs S\u0153urs Oblates de l\u2019Assomption.<\/p>\n\n\n\n<p><strong>La cl\u00f4ture de l\u2019ann\u00e9e jubilaire a eu lieu le 9 juin 2024, \u00e0 M\u0103rgineni \u2013 Bac\u0103u (Roumanie)<\/strong> o\u00f9 une communaut\u00e9 des Assomptionnistes vit sa <strong>mission depuis 33 ans<\/strong>. Dans une \u00e9glise paroissiale en f\u00eate, nos Fr\u00e8res A.A. venus de plusieurs pays ont \u00e9t\u00e9 accompagn\u00e9s dans leur action de gr\u00e2ce par les Ev\u00eaques du <strong>dioc\u00e8se de IA\u0218I, P.S. Iosif P\u0102ULE\u021a et P.S. Petru GHERGHEL<\/strong>, de nombreux pr\u00eatres, religieux, religieuses ainsi que par les fid\u00e8les de M\u0103rgineni et par des amis de partout.<\/p>\n\n\n\n<p>Le film qui a trac\u00e9 l\u2019histoire riche et \u00e9prouv\u00e9e dans les diff\u00e9rentes communaut\u00e9s en Roumanie avant, pendant et apr\u00e8s le r\u00e9gime communiste, les chants solennels de la chorale, la belle hom\u00e9lie du P\u00e8re Iulian DANC\u0102, Vicaire Provincial d\u2019Europe, le mot d\u2019appr\u00e9ciation du pasteur du dioc\u00e8se, P.S. Iosif P\u0102ULE\u021a ainsi que le programme artistique d\u2019apr\u00e8s la messe \u2013 ce sont tout autant de moments forts de la journ\u00e9e.<\/p>\n\n\n\n<p class=\"has-text-align-center\">De tout c\u0153ur, nous leur souhaitons&nbsp;: <strong><em><mark style=\"background-color:rgba(0, 0, 0, 0)\" class=\"has-inline-color has-vivid-cyan-blue-color\">HEUREUX JUBIL\u00c9&nbsp;!<\/mark><\/em><\/strong><\/p>\n\n\n\n<p>Leur passion au service de l\u2019Unit\u00e9 tant en Transylvanie qu\u2019en Moldavie et \u00e0 Bucarest ainsi que leur implication dans la mission de l\u2019Eglise locale ont port\u00e9 et porteront de nombreux fruits pour le Royaume de Dieu.<\/p>\n\n\n\n<p class=\"has-text-align-right\">Les S\u0153urs Oblates de l\u2019Assomption &#8211; Roumanie<\/p>\n\n\n\n<figure class=\"wp-block-embed aligncenter is-type-video is-provider-youtube wp-block-embed-youtube wp-embed-aspect-16-9 wp-has-aspect-ratio\"><div class=\"wp-block-embed__wrapper\">\n<iframe title=\"100 ans de pr\u00e9sence des Assomptionnistes en Roumanie\" width=\"800\" height=\"450\" src=\"https:\/\/www.youtube.com\/embed\/AxENCwJhsTY?feature=oembed\" frameborder=\"0\" allow=\"accelerometer; autoplay; clipboard-write; encrypted-media; gyroscope; picture-in-picture; web-share\" referrerpolicy=\"strict-origin-when-cross-origin\" allowfullscreen><\/iframe>\n<\/div><\/figure>\n","protected":false},"excerpt":{"rendered":"<p>Nos Fr\u00e8res Augustins de l\u2019Assomption viennent de vivre un moment important de leur histoire dans la Mission d\u2019Orient&nbsp;: les 100 ans de pr\u00e9sence en Roumanie. Durant l\u2019ann\u00e9e 2023-2024, ils ont marqu\u00e9 le centenaire de leur mission en terre roumaine par de nombreux \u00e9v\u00e9nements, manifestations, conf\u00e9rences, rencontres, p\u00e8lerinages, etc. auxquelles ils ont associ\u00e9 des amis la\u00efcs [&hellip;]<\/p>\n","protected":false},"author":1,"featured_media":2234,"comment_status":"open","ping_status":"open","sticky":false,"template":"","format":"standard","meta":{"footnotes":""},"categories":[19,8],"tags":[23,20,22,10,21,11],"class_list":["post-2233","post","type-post","status-publish","format-standard","has-post-thumbnail","hentry","category-assomptionnistes","category-oblates-de-lassomption","tag-100-ans","tag-assomptionnistes","tag-jubile","tag-oblates-de-lassomption","tag-roumanie","tag-soeurs-oblates-de-lassomption"],"_links":{"self":[{"href":"https:\/\/oblatesassomption.com\/index.php\/wp-json\/wp\/v2\/posts\/2233","targetHints":{"allow":["GET"]}}],"collection":[{"href":"https:\/\/oblatesassomption.com\/index.php\/wp-json\/wp\/v2\/posts"}],"about":[{"href":"https:\/\/oblatesassomption.com\/index.php\/wp-json\/wp\/v2\/types\/post"}],"author":[{"embeddable":true,"href":"https:\/\/oblatesassomption.com\/index.php\/wp-json\/wp\/v2\/users\/1"}],"replies":[{"embeddable":true,"href":"https:\/\/oblatesassomption.com\/index.php\/wp-json\/wp\/v2\/comments?post=2233"}],"version-history":[{"count":1,"href":"https:\/\/oblatesassomption.com\/index.php\/wp-json\/wp\/v2\/posts\/2233\/revisions"}],"predecessor-version":[{"id":2235,"href":"https:\/\/oblatesassomption.com\/index.php\/wp-json\/wp\/v2\/posts\/2233\/revisions\/2235"}],"wp:featuredmedia":[{"embeddable":true,"href":"https:\/\/oblatesassomption.com\/index.php\/wp-json\/wp\/v2\/media\/2234"}],"wp:attachment":[{"href":"https:\/\/oblatesassomption.com\/index.php\/wp-json\/wp\/v2\/media?parent=2233"}],"wp:term":[{"taxonomy":"category","embeddable":true,"href":"https:\/\/oblatesassomption.com\/index.php\/wp-json\/wp\/v2\/categories?post=2233"},{"taxonomy":"post_tag","embeddable":true,"href":"https:\/\/oblatesassomption.com\/index.php\/wp-json\/wp\/v2\/tags?post=2233"}],"curies":[{"name":"wp","href":"https:\/\/api.w.org\/{rel}","templated":true}]}}