{"id":2211,"date":"2024-09-06T17:16:05","date_gmt":"2024-09-06T15:16:05","guid":{"rendered":"https:\/\/oblatesassomption.com\/?p=2211"},"modified":"2024-09-06T17:16:05","modified_gmt":"2024-09-06T15:16:05","slug":"conseil-de-congregation-2024","status":"publish","type":"post","link":"https:\/\/oblatesassomption.com\/index.php\/2024\/09\/06\/conseil-de-congregation-2024\/","title":{"rendered":"Conseil de Congr\u00e9gation 2024"},"content":{"rendered":"\n<p>Du <strong><mark style=\"background-color:rgba(0, 0, 0, 0)\" class=\"has-inline-color has-vivid-cyan-blue-color\">20 au 31 mai<\/mark><\/strong>, va se d\u00e9rouler en visioconf\u00e9rence <strong>le <mark style=\"background-color:rgba(0, 0, 0, 0)\" class=\"has-inline-color has-vivid-cyan-blue-color\">Conseil de Congr\u00e9gation<\/mark><\/strong> des Oblates de l\u2019Assomption. Comme nous l\u2019indique la R\u00e8gle de Vie, cette instance <em>\u00ab&nbsp;se r\u00e9unit une fois par an ou davantage. Son r\u00f4le est d\u2019\u00eatre facteur d\u2019unit\u00e9 en tenant compte du pluralisme, de pr\u00e9parer et de prolonger la r\u00e9flexion des Chapitres g\u00e9n\u00e9raux, d\u2019intensifier la vie de l\u2019Institut et de promouvoir l\u2019\u00e9vang\u00e9lisation par un \u00e9change d\u2019informations et de suggestions&nbsp;\u00bb <\/em>(R.V. n\u00b0168). Sa composition, selon nos statuts, est la suivante&nbsp;:<\/p>\n\n\n\n<p>&#8211; la Curie g\u00e9n\u00e9ralice (la Sup\u00e9rieure g\u00e9n\u00e9rale,&nbsp;4 Conseill\u00e8res et l\u2019Econome g\u00e9n\u00e9rale)&nbsp;;<\/p>\n\n\n\n<p>&#8211; les 4 Sup\u00e9rieures Provinciales (pour l\u2019Afrique de l\u2019Est, l\u2019Am\u00e9rique latine, le Congo et l\u2019Europe)<\/p>\n\n\n\n<p>&#8211; les 3 Sup\u00e9rieures Vice-Provinciales (pour l\u2019Afrique centrale, l\u2019Afrique de l\u2019Ouest et la Cor\u00e9e).<\/p>\n\n\n\n<p>&#8211; 2 Assistantes provinciales (pour les Provinces de plus de 120 membres, \u00e0 savoir le Congo et l\u2019Europe).<\/p>\n\n\n\n<p>&#8211; Une traductrice (pour le Cor\u00e9en)<\/p>\n\n\n<div class=\"wp-block-image\">\n<figure class=\"alignleft size-large is-resized\"><a href=\"https:\/\/soeursoblatesassomption.wordpress.com\/wp-content\/uploads\/2024\/05\/marie-mere-de-leglise.jpg\"><img decoding=\"async\" src=\"https:\/\/soeursoblatesassomption.wordpress.com\/wp-content\/uploads\/2024\/05\/marie-mere-de-leglise.jpg?w=1024\" alt=\"\" class=\"wp-image-9967\" style=\"width:249px;height:auto\"\/><\/a><\/figure>\n<\/div>\n\n\n<p>Nous avons d\u00e9but\u00e9 ce Conseil sous la protection de la Vierge Marie, avec la f\u00eate de la Bienheureuse <strong><mark style=\"background-color:rgba(0, 0, 0, 0)\" class=\"has-inline-color has-vivid-cyan-blue-color\">Marie, M\u00e8re de l\u2019Eglise<\/mark><\/strong>, au lendemain de la Pentec\u00f4te, et nous le terminerons le jour de la <strong><mark style=\"background-color:rgba(0, 0, 0, 0)\" class=\"has-inline-color has-vivid-cyan-blue-color\">Visitation<\/mark><\/strong>. Marie est bien l\u00e0, discr\u00e8tement, et comme \u00e0 Cana, elle veille \u00e0 ce que nous ne manquions de rien&nbsp;! Voici bient\u00f4t un an que notre Chapitre g\u00e9n\u00e9ral a eu lieu&nbsp;: il est temps pour nous de faire <strong><mark style=\"background-color:rgba(0, 0, 0, 0)\" class=\"has-inline-color has-vivid-cyan-blue-color\">un point d\u2019\u00e9tape<\/mark><\/strong>&nbsp;: o\u00f9 en sommes-nous dans la mise en route des appels du Chapitre&nbsp;? Quels pas restent \u00e0 faire&nbsp;?<\/p>\n\n\n\n<p>Dans un premier temps, nous allons \u00e9couter et travailler diff\u00e9rents <strong><mark style=\"background-color:rgba(0, 0, 0, 0)\" class=\"has-inline-color has-vivid-cyan-blue-color\">rapports<\/mark><\/strong> (celui de la Sup\u00e9rieure g\u00e9n\u00e9rale, celui de l\u2019Econome g\u00e9n\u00e9rale, puis tous les rapports des Provinciales et Vice-Provinciales). Puis, nous travaillerons en commissions&nbsp;: d\u2019abord sur <strong><mark style=\"background-color:rgba(0, 0, 0, 0)\" class=\"has-inline-color has-vivid-cyan-blue-color\">les appels du Chapitre g\u00e9n\u00e9ral<\/mark><\/strong> puis sur la <mark style=\"background-color:rgba(0, 0, 0, 0)\" class=\"has-inline-color has-vivid-cyan-blue-color\"><strong>formation<\/strong>, <strong>les structures et les finances<\/strong><\/mark>. Les derniers jours seront consacr\u00e9s aux <mark style=\"background-color:rgba(0, 0, 0, 0)\" class=\"has-inline-color has-vivid-cyan-blue-color\"><strong>questions<\/strong> <strong>ouvertes<\/strong><\/mark>. Nous nous mettons \u00e0 l\u2019\u00e9coute les unes des autres et \u00e0 l\u2019\u00e9coute de l\u2019Esprit Saint pour discerner ensemble comment avancer en Congr\u00e9gation.<\/p>\n\n\n\n<p>J\u2019invite toutes les s\u0153urs et tous nos amis la\u00efcs \u00e0 soutenir de leur pri\u00e8re ce Conseil de Congr\u00e9gation et je souhaite qu\u2019il soit une belle exp\u00e9rience synodale, dans la joie d\u2019\u00eatre ensemble, dans la fraternit\u00e9, la lucidit\u00e9 et l\u2019esp\u00e9rance. C\u2019est le Christ qui nous rassemble. Nous lui remettons d\u2019avance tout le travail de notre Conseil. Il est \u00e0 l\u2019\u0153uvre\u2026<\/p>\n\n\n\n<p>Oblates de l\u2019Assomption, <em>\u00ab&nbsp;Tout ce qu\u2019il vous dira, faites-le&nbsp;! \u00bb <\/em>(Jn, 2, 5)<\/p>\n\n\n\n<p class=\"has-text-align-right\">Paris, le 21 mai 2024<\/p>\n\n\n\n<p class=\"has-text-align-right\">Sr Zo\u00e9 VANDERMERSCH<\/p>\n\n\n\n<p class=\"has-text-align-right\">Sup\u00e9rieure G\u00e9n\u00e9rale<\/p>\n","protected":false},"excerpt":{"rendered":"<p>Du 20 au 31 mai, va se d\u00e9rouler en visioconf\u00e9rence le Conseil de Congr\u00e9gation des Oblates de l\u2019Assomption. Comme nous l\u2019indique la R\u00e8gle de Vie, cette instance \u00ab&nbsp;se r\u00e9unit une fois par an ou davantage. Son r\u00f4le est d\u2019\u00eatre facteur d\u2019unit\u00e9 en tenant compte du pluralisme, de pr\u00e9parer et de prolonger la r\u00e9flexion des Chapitres [&hellip;]<\/p>\n","protected":false},"author":1,"featured_media":2212,"comment_status":"open","ping_status":"open","sticky":false,"template":"","format":"standard","meta":{"footnotes":""},"categories":[8],"tags":[13,10,11],"class_list":["post-2211","post","type-post","status-publish","format-standard","has-post-thumbnail","hentry","category-oblates-de-lassomption","tag-conseil-de-congregation","tag-oblates-de-lassomption","tag-soeurs-oblates-de-lassomption"],"_links":{"self":[{"href":"https:\/\/oblatesassomption.com\/index.php\/wp-json\/wp\/v2\/posts\/2211","targetHints":{"allow":["GET"]}}],"collection":[{"href":"https:\/\/oblatesassomption.com\/index.php\/wp-json\/wp\/v2\/posts"}],"about":[{"href":"https:\/\/oblatesassomption.com\/index.php\/wp-json\/wp\/v2\/types\/post"}],"author":[{"embeddable":true,"href":"https:\/\/oblatesassomption.com\/index.php\/wp-json\/wp\/v2\/users\/1"}],"replies":[{"embeddable":true,"href":"https:\/\/oblatesassomption.com\/index.php\/wp-json\/wp\/v2\/comments?post=2211"}],"version-history":[{"count":1,"href":"https:\/\/oblatesassomption.com\/index.php\/wp-json\/wp\/v2\/posts\/2211\/revisions"}],"predecessor-version":[{"id":2213,"href":"https:\/\/oblatesassomption.com\/index.php\/wp-json\/wp\/v2\/posts\/2211\/revisions\/2213"}],"wp:featuredmedia":[{"embeddable":true,"href":"https:\/\/oblatesassomption.com\/index.php\/wp-json\/wp\/v2\/media\/2212"}],"wp:attachment":[{"href":"https:\/\/oblatesassomption.com\/index.php\/wp-json\/wp\/v2\/media?parent=2211"}],"wp:term":[{"taxonomy":"category","embeddable":true,"href":"https:\/\/oblatesassomption.com\/index.php\/wp-json\/wp\/v2\/categories?post=2211"},{"taxonomy":"post_tag","embeddable":true,"href":"https:\/\/oblatesassomption.com\/index.php\/wp-json\/wp\/v2\/tags?post=2211"}],"curies":[{"name":"wp","href":"https:\/\/api.w.org\/{rel}","templated":true}]}}