{"id":2198,"date":"2024-09-06T15:16:30","date_gmt":"2024-09-06T13:16:30","guid":{"rendered":"https:\/\/oblatesassomption.com\/?p=2198"},"modified":"2024-09-06T15:16:30","modified_gmt":"2024-09-06T13:16:30","slug":"histoire-des-debuts-des-oblates-de-lassomption-a-nimes","status":"publish","type":"post","link":"https:\/\/oblatesassomption.com\/index.php\/2024\/09\/06\/histoire-des-debuts-des-oblates-de-lassomption-a-nimes\/","title":{"rendered":"Histoire des d\u00e9buts des Oblates de l\u2019Assomption \u00e0 N\u00eemes"},"content":{"rendered":"\n<p class=\"has-large-font-size\"><strong><mark style=\"background-color:rgba(0, 0, 0, 0)\" class=\"has-inline-color has-vivid-cyan-blue-color\">\u00c0 la recherche d\u2019une propri\u00e9t\u00e9 \u00e0 N\u00eemes<\/mark><\/strong><\/p>\n\n\n\n<p><strong>Les OA ont \u00e9t\u00e9 fond\u00e9es \u00e0 Rochebelle<\/strong> \u2013 dans les faubourgs du Vigan &#8211; <strong>en 1865<\/strong> dans une propri\u00e9t\u00e9, lou\u00e9e pour 12 ans. Le p\u00e8re d\u2019ALZON aimait beaucoup cette maison et aurait aim\u00e9 l\u2019acheter mais le propri\u00e9taire ne d\u00e9sirait pas la vendre.<\/p>\n\n\n\n<p>La maison existe toujours&nbsp;: elle est la propri\u00e9t\u00e9 d\u2019une association.<\/p>\n\n\n\n<p><strong>De 1867 \u00e0 1875<\/strong>, quelques Oblates vont \u00e0 La Valette, propri\u00e9t\u00e9 du P\u00e8re d\u2019ALZON, pas tr\u00e8s loin de Rochebelle, mais de l\u2019autre c\u00f4t\u00e9 de l\u2019Arre, rivi\u00e8re coulant autour du Vigan, les s\u0153urs y \u00e9l\u00e8vent des vers \u00e0 soie \u2013 d\u2019autres Oblates partent sur N\u00eemes au Coll\u00e8ge de l\u2019Assomption o\u00f9 elles occupent l\u2019aile droite de la fa\u00e7ade, de 1866 \u00e0 1873. Les s\u0153urs peuvent ainsi terminer leur formation religieuse et se pr\u00e9parer au travail de la mission o\u00f9, \u00e0 partir de 1868, plusieurs groupes partent chaque ann\u00e9e (au d\u00e9but en Bulgarie puis Turquie\u2026)<\/p>\n\n\n\n<p><strong>D\u00e8s 1868,<\/strong> Le P\u00e8re d\u2019ALZON et M\u00e8re Emmanuel-Marie cherchent une propri\u00e9t\u00e9 dans N\u00eemes o\u00f9 les Oblates pourraient s\u2019installer et avoir une \u0153uvre qui leur soit propre. Diff\u00e9rents choix se pr\u00e9sentent et ils choisissent la maison PUGET, \u00e0 l\u2019angle de la rue S\u00e9guier et de la rue des Jardins environ 10.000 m2 &#8211; un seul inconv\u00e9nient&nbsp;: le terrain se pr\u00e9sentait en triangle, s\u2019\u00e9largissant au fur et \u00e0 mesure qu\u2019il se dirige vers le boulevard Talabot, suivant la rue des Jardins (la rue Verdet n\u2019existait pas \u00e0 cette \u00e9poque) &#8211; La propri\u00e9t\u00e9 se compose d\u2019une maison de ma\u00eetre&nbsp;: l\u00e0 o\u00f9 s\u2019installe la communaut\u00e9 \u2013 un grand b\u00e2timent le long de la rue S\u00e9guier qui servira de classes et d\u2019autres petits b\u00e2timents diss\u00e9min\u00e9s \u00e7\u00e0 et l\u00e0 dans la propri\u00e9t\u00e9 qui forme un immense parc.<\/p>\n\n\n\n<p class=\"has-large-font-size\"><strong><mark style=\"background-color:rgba(0, 0, 0, 0)\" class=\"has-inline-color has-vivid-cyan-blue-color\">Les Oblates ouvrent une \u00e9cole \u00e0 N\u00eemes<\/mark><\/strong><\/p>\n\n\n\n<p>Les Oblates prirent possession de la maison en octobre 1873. D\u00e8s les mois suivants, M\u00e8re Emmanuel-Marie rencontre Mgr PLANTIER pour lui demander l\u2019autorisation d\u2019ouvrir une \u00e9cole \u2013 ce dernier est heureux de la lui accorder.<\/p>\n\n\n\n<p>Les Oblates ouvrirent donc un externat, puis un pensionnat \u2013 ils s\u2019appelaient \u00ab&nbsp;externat&nbsp;pensionnat des Oblates de l\u2019Assomption et n\u2019avaient pas de nom sp\u00e9cifique. Les Oblates s\u2019adressaient \u00e0 la classe moyenne mais prenaient tous les enfants qui se pr\u00e9sentaient m\u00eame ceux qui ne pouvaient pas payer &#8211; elles eurent tout de suite beaucoup de succ\u00e8s. Sr Rose-Agn\u00e8s NUEL fut la directrice de cette \u00e9cole jusqu\u2019au d\u00e9part des s\u0153urs pour la Suisse.<\/p>\n\n\n\n<p>D\u2019autre part, le P\u00e8re d\u2019ALZON ayant fond\u00e9 les Oblates pour la mission d\u2019Orient, M\u00e8re Correnson avait fond\u00e9 en 1889, deux communaut\u00e9s en Arm\u00e9nie&nbsp;: deux \u00e9coles&nbsp;: Marsivan et Tokat accueillant des pauvres de toutes nationalit\u00e9s et de toutes religions.<\/p>\n\n\n\n<p>Ainsi \u00e0 la fin du 19<sup>\u00e8me<\/sup> si\u00e8cle, plus des trois quarts de la Congr\u00e9gation se trouve en Orient.<\/p>\n\n\n\n<p class=\"has-large-font-size\"><strong><mark style=\"background-color:rgba(0, 0, 0, 0)\" class=\"has-inline-color has-vivid-cyan-blue-color\">Les lois de 1901<\/mark><\/strong><\/p>\n\n\n\n<p><strong>Les lois 1901<\/strong> arriv\u00e8rent interdisant aux congr\u00e9gations enseignantes de rester en France. On essaie de pr\u00e9server nos biens de tous les c\u00f4t\u00e9s, l\u2019\u00e9cole devient <strong>le cours F\u00e9nelon<\/strong> et est confi\u00e9e \u00e0 une la\u00efque (Mlle Ozias\u2026 Mlle N\u00e8gre) \u2013 la chapelle sous la garde de Mgr Arnal du Curel, \u00e9v\u00eaque de Monaco, la statue de la vierge de l\u2019Assomption au-dessus de l\u2019entr\u00e9e du 28rue S\u00e9guier trouve refuge \u00e0 l\u2019\u00c9v\u00each\u00e9\u2026<\/p>\n\n\n\n<p><strong>Le 30 septembre 1901<\/strong>, les Oblates quittent la rue S\u00e9guier &#8211; avec M\u00e8re Marguerite-Marie CHAMSKA, devenue Sup\u00e9rieure g\u00e9n\u00e9rale, (succ\u00e9dant \u00e0 M\u00e8re Emmanuel-Marie, devenue trop \u00e2g\u00e9e, d\u00e9c\u00e9d\u00e9e en 1900) \u2013 Les portes de la chapelle sont alors scell\u00e9es, l\u2019inscription indiquant le lieu d\u2019habitation des Oblates de l\u2019Assomption est recouvert de peinture.<\/p>\n\n\n\n<p>Les s\u0153urs partent pour la Suisse, \u00e0 Bramon, non loin de Sion, dans le Valais, elles y restent quelques ann\u00e9es. Beaucoup de Congr\u00e9gations se retrouvent dans ce pays, facile d\u2019acc\u00e8s pour la France mais les \u00e9v\u00eaques commencent \u00e0 ne plus pouvoir g\u00e9rer la situation.<\/p>\n\n\n\n<p>Sr Jeanne de Chantal DUGAS, ayant de la famille en Italie, demande \u00e0 quelques-uns de ses parents de chercher s\u2019il n\u2019y aurait pas un lieu d\u2019implantation pour les Oblates. Ayant trouv\u00e9 un pied \u00e0 terre, les Oblates d\u00e9cident de se s\u00e9parer en deux groupes&nbsp;: l\u2019un en Italie, \u00e0 Florence et l\u2019autre rejoignant notre communaut\u00e9 de Marchienne au Pont, dans la banlieue de Charleroi, en Belgique, fond\u00e9e par notre M\u00e8re Fondatrice en 1894. L\u00e0 aussi, la maison devenant vite trop petite, les s\u0153urs se s\u00e9parent \u00e0 nouveau et un groupe s\u2019installe aux Pays-Bas.<\/p>\n\n\n\n<p class=\"has-large-font-size\"><strong><mark style=\"background-color:rgba(0, 0, 0, 0)\" class=\"has-inline-color has-vivid-cyan-blue-color\">Le retour des Oblates \u00e0 N\u00eemes<\/mark><\/strong><\/p>\n\n\n\n<p>Il se fera progressivement \u2013 les s\u0153urs ne peuvent r\u00e9int\u00e9grer la rue S\u00e9guier comme elles l\u2019esp\u00e9raient. Les la\u00efcs ne veulent pas laisser la place&nbsp;! Plusieurs s\u0153urs de la Mission d\u2019Orient sont chass\u00e9es de l\u00e0 o\u00f9 elles avaient \u00e9t\u00e9 envoy\u00e9es, en raison des guerres, selon la position du gouvernement&nbsp;: Bulgarie, Turquie, ou Arm\u00e9nie.<\/p>\n\n\n\n<p>D\u2019anciennes \u00e9l\u00e8ves de N\u00eemes demandent instamment aux s\u0153urs d\u2019y revenir.<\/p>\n\n\n\n<p><strong>En 1919<\/strong>, Elles louent d\u2019abord une maison, <strong>1 rue des Jardins<\/strong> et donnent des le\u00e7ons de piano, peinture, dessin, fran\u00e7ais.<\/p>\n\n\n\n<p>Deux S\u0153urs travailleront \u00e0 <strong>l\u2019\u00e9cole de SAUVE<\/strong>, de 1915 \u00e0 1920&nbsp;<\/p>\n\n\n\n<p>D\u2019autres travaillent dans les ambulances.<\/p>\n\n\n\n<p><strong>En 1923<\/strong>, la communaut\u00e9 de la rue des Jardins s\u2019installe au <strong>45 de la rue Roussy<\/strong> &nbsp;<\/p>\n\n\n\n<p><strong>En 1926<\/strong>&nbsp;un Cours d\u2019ALZON&nbsp;commence au <strong>32 de la rue Pradier, <\/strong>avec s\u0153ur Elisabeth BELOT, puis S\u0153ur Louise-Agn\u00e8s DELISSE.<\/p>\n\n\n\n<p><strong>1930&nbsp;<\/strong>: les s\u0153urs r\u00e9cup\u00e8rent peu \u00e0 peu les locaux de l\u2019\u00e9cole&nbsp;et de la chapelle. Il est difficile de r\u00e9cup\u00e9rer la totalit\u00e9 des b\u00e2timents.<\/p>\n\n\n\n<p>Elles ne peuvent r\u00e9int\u00e9grer l\u2019ensemble de l\u2019Institut d\u2019ALZON qu\u2019en <strong>1939.<\/strong><\/p>\n\n\n\n<p><strong>En 1945<\/strong>, S\u0153ur Andr\u00e9-Marie BLONDIN prend la responsabilit\u00e9 de l\u2019\u00c9cole sainte Perp\u00e9tue, 38rue Roussy (maternelle 62 rue Roussy), jouxtant la Synagogue<strong>. <\/strong>\u00c9cole qui fusionnera avec l\u2019Institut d\u2019ALZON dans les ann\u00e9es 1970<strong>.<\/strong><\/p>\n\n\n\n<figure class=\"wp-block-table is-style-stripes\"><table class=\"has-white-background-color has-background has-fixed-layout\"><tbody><tr><td><strong>Les directeurs<\/strong><br><br><strong>1874&nbsp;&nbsp;&nbsp; S\u0153ur Rose-Agn\u00e8s NUEL<\/strong><br>1930&nbsp;&nbsp;&nbsp; S\u0153ur Louise-Agn\u00e8s&nbsp;&nbsp;&nbsp; DELISSE<br>1936&nbsp;&nbsp;&nbsp; S\u0153ur Marie L\u00e9onie MARICHAL<br>1939&nbsp;&nbsp;&nbsp; S\u0153ur Jos\u00e9-Maria CAPERET<br>1976&nbsp;&nbsp;&nbsp; S\u0153ur Claire de la Croix RABITZ<br>1990&nbsp;&nbsp;&nbsp; Monsieur Yvan LACHAUD<\/td><td><\/td><\/tr><\/tbody><\/table><\/figure>\n\n\n\n<hr class=\"wp-block-separator has-alpha-channel-opacity\"\/>\n\n\n\n<figure class=\"wp-block-table is-style-stripes\"><table class=\"has-fixed-layout\"><tbody><tr><td><strong>Les Sup\u00e9rieures de communaut\u00e9 :<\/strong><br><br><strong>M\u00e8re Emmanuel-Marie CORRENSON, Fondatrice et Sup\u00e9rieure g\u00e9n\u00e9rale (1842-1900)<\/strong><br><strong>M\u00e8re Marguerite-Marie CHAMSKA, Sup\u00e9rieure g\u00e9n\u00e9rale<\/strong><\/td><\/tr><\/tbody><\/table><\/figure>\n\n\n\n<figure class=\"wp-block-table is-style-stripes\"><table class=\"has-fixed-layout\"><tbody><tr><td>M\u00e8re Marie-Charles PLOHAY<br>S\u0153ur Claire-Emmanuel PERILLIER<br>S\u0153ur Marthe-Emmanuel PIERRE<br>S\u0153ur Marie de B\u00e9thanie CHIARELLI<br>S\u0153ur Claire de la Croix RABITZ<br>S\u0153ur Marie Patrick LUSSIGNY<\/td><td>S\u0153ur Claire LOTTIN<br>S\u0153ur Th\u00e9r\u00e8se de l\u2019Assomption FREMIOT<br>S\u0153ur Marie Patrick LUSSIGNY<br>S\u0153ur Claire de la Croix RABITZ<br>S\u0153ur Judith BALIKWISHA<\/td><\/tr><\/tbody><\/table><\/figure>\n\n\n\n<hr class=\"wp-block-separator has-alpha-channel-opacity\"\/>\n\n\n\n<p><strong>Dans les ann\u00e9es 70<\/strong>, le lyc\u00e9e se transporte au 40 de la rue S\u00e9guier et l\u2019\u00e9cole de la rue Roussy fusionne avec l\u2019Institut d\u2019ALZON de la Rue S\u00e9guier.<\/p>\n\n\n\n<p>Nous ne parlons ici que du <strong>lieu de fondation,<\/strong> mais nous avons \u00e0 cette \u00e9poque 15 communaut\u00e9s en France \u2013 pas toutes enseignantes.<\/p>\n\n\n\n<p>Quelques s\u0153urs de Bordeaux qui travaillaient dans une \u00e9cole partent pour <strong>l\u2019Angleterre<\/strong> en 1903&nbsp;: (o\u00f9 elles sont toujours). Mais les s\u0153urs travaillant \u00e0 l\u2019orphelinat ne sont pas inqui\u00e9t\u00e9es et restent sur place.<\/p>\n\n\n\n<p>Les s\u0153urs enseignantes de la r\u00e9gion parisienne rejoignent la Belgique.<\/p>\n\n\n\n<p><strong>En 1935 des Oblates de Belgique<\/strong>, des Pays-Bas et de France commencent une mission au <strong>Congo Belge.<\/strong> Aujourd\u2019hui, elles sont dans une dizaine de pays en Afrique, Asie etc.<\/p>\n\n\n\n<p class=\"has-text-align-right\">Sr Claire Rabitz<\/p>\n\n\n\n<p class=\"has-text-align-right\">Communaut\u00e9 de N\u00eemes<\/p>\n\n\n\n<p><strong>Pour plus d\u2019infos de ces \u00e9v\u00e9nements, merci de consulter&nbsp;:<\/strong><\/p>\n\n\n\n<p>Web site de l\u2019Institut Emmanuel d\u2019Alzon&nbsp;: <a href=\"https:\/\/www.dalzon.com\/\">https:\/\/www.dalzon.com\/<\/a><\/p>\n\n\n\n<p>Blog de la communaut\u00e9 de N\u00eemes&nbsp;: <a href=\"https:\/\/oblatesassomptionnimes.wordpress.com\/\">https:\/\/oblatesassomptionnimes.wordpress.com\/<\/a><\/p>\n\n\n\n<p><\/p>\n","protected":false},"excerpt":{"rendered":"<p>\u00c0 la recherche d\u2019une propri\u00e9t\u00e9 \u00e0 N\u00eemes Les OA ont \u00e9t\u00e9 fond\u00e9es \u00e0 Rochebelle \u2013 dans les faubourgs du Vigan &#8211; en 1865 dans une propri\u00e9t\u00e9, lou\u00e9e pour 12 ans. Le p\u00e8re d\u2019ALZON aimait beaucoup cette maison et aurait aim\u00e9 l\u2019acheter mais le propri\u00e9taire ne d\u00e9sirait pas la vendre. La maison existe toujours&nbsp;: elle est [&hellip;]<\/p>\n","protected":false},"author":1,"featured_media":2204,"comment_status":"open","ping_status":"open","sticky":false,"template":"","format":"standard","meta":{"footnotes":""},"categories":[7,8],"tags":[9,10,12,11],"class_list":["post-2198","post","type-post","status-publish","format-standard","has-post-thumbnail","hentry","category-fondation","category-oblates-de-lassomption","tag-fondation","tag-oblates-de-lassomption","tag-pere-emmanuel-dalzon","tag-soeurs-oblates-de-lassomption"],"_links":{"self":[{"href":"https:\/\/oblatesassomption.com\/index.php\/wp-json\/wp\/v2\/posts\/2198","targetHints":{"allow":["GET"]}}],"collection":[{"href":"https:\/\/oblatesassomption.com\/index.php\/wp-json\/wp\/v2\/posts"}],"about":[{"href":"https:\/\/oblatesassomption.com\/index.php\/wp-json\/wp\/v2\/types\/post"}],"author":[{"embeddable":true,"href":"https:\/\/oblatesassomption.com\/index.php\/wp-json\/wp\/v2\/users\/1"}],"replies":[{"embeddable":true,"href":"https:\/\/oblatesassomption.com\/index.php\/wp-json\/wp\/v2\/comments?post=2198"}],"version-history":[{"count":3,"href":"https:\/\/oblatesassomption.com\/index.php\/wp-json\/wp\/v2\/posts\/2198\/revisions"}],"predecessor-version":[{"id":2205,"href":"https:\/\/oblatesassomption.com\/index.php\/wp-json\/wp\/v2\/posts\/2198\/revisions\/2205"}],"wp:featuredmedia":[{"embeddable":true,"href":"https:\/\/oblatesassomption.com\/index.php\/wp-json\/wp\/v2\/media\/2204"}],"wp:attachment":[{"href":"https:\/\/oblatesassomption.com\/index.php\/wp-json\/wp\/v2\/media?parent=2198"}],"wp:term":[{"taxonomy":"category","embeddable":true,"href":"https:\/\/oblatesassomption.com\/index.php\/wp-json\/wp\/v2\/categories?post=2198"},{"taxonomy":"post_tag","embeddable":true,"href":"https:\/\/oblatesassomption.com\/index.php\/wp-json\/wp\/v2\/tags?post=2198"}],"curies":[{"name":"wp","href":"https:\/\/api.w.org\/{rel}","templated":true}]}}